{"id":8449,"date":"2025-04-04T12:12:02","date_gmt":"2025-04-04T17:12:02","guid":{"rendered":"https:\/\/derechosinfronteras.pe\/?p=8449"},"modified":"2025-04-04T12:12:03","modified_gmt":"2025-04-04T17:12:03","slug":"siguen-criminalizando-a-quienes-defienden-su-territorio-instalacion-de-audiencia-de-juicio-contra-diez-defensores-ambientales-del-distrito-de-llusco-chumbivilcas","status":"publish","type":"post","link":"https:\/\/derechosinfronteras.pe\/ingles\/siguen-criminalizando-a-quienes-defienden-su-territorio-instalacion-de-audiencia-de-juicio-contra-diez-defensores-ambientales-del-distrito-de-llusco-chumbivilcas\/","title":{"rendered":"SIGUEN CRIMINALIZANDO A QUIENES DEFIENDEN SU TERRITORIO: INSTALACI\u00d3N DE AUDIENCIA DE JUICIO CONTRA DIEZ DEFENSORES AMBIENTALES DEL DISTRITO DE LLUSCO \u2013 CHUMBIVILCAS"},"content":{"rendered":"<p>A las 3:00 p.m. del 31 de marzo, defensores ambientales y de su territorio del distrito de LLusco, se presentaron ante el Poder Judicial de Cusco, donde se ten\u00eda que instalar la audiencia de juicio por los presuntos delitos de secuestro, violaci\u00f3n de domicilio, robo agravado, da\u00f1o agravado, delitos contra los medios de transporte y disturbios, en contra de la empresa minera ANABI S.A.C. Sin embargo, esta se reprogram\u00f3 para el 30 de mayo a horas 3:30 de la tarde.<\/p>\n\n\n\n<p>Es importante se\u00f1alar que La Fiscal\u00eda, en una primera oportunidad, hab\u00eda solicitado 35 a\u00f1os de pena privativa para cada uno de los defensores, as\u00ed como una reparaci\u00f3n econ\u00f3mica superior a los 3 millones de d\u00f3lares a favor de la minera.<\/p>\n\n\n\n<figure class=\"wp-block-image size-full\"><img fetchpriority=\"high\" decoding=\"async\" width=\"1000\" height=\"451\" src=\"https:\/\/derechosinfronteras.pe\/wp-content\/uploads\/2025\/04\/WhatsApp-Image-2025-04-01-at-11.54.23-AM.jpeg\" alt=\"\" class=\"wp-image-8450\" srcset=\"https:\/\/derechosinfronteras.pe\/wp-content\/uploads\/2025\/04\/WhatsApp-Image-2025-04-01-at-11.54.23-AM.jpeg 1000w, https:\/\/derechosinfronteras.pe\/wp-content\/uploads\/2025\/04\/WhatsApp-Image-2025-04-01-at-11.54.23-AM-300x135.jpeg 300w, https:\/\/derechosinfronteras.pe\/wp-content\/uploads\/2025\/04\/WhatsApp-Image-2025-04-01-at-11.54.23-AM-768x346.jpeg 768w\" sizes=\"(max-width: 1000px) 100vw, 1000px\" \/><\/figure>\n\n\n\n<p><strong>HECHOS<\/strong><\/p>\n\n\n\n<p>Entre diciembre de 2011 y febrero 2012, iniciaron las protestas contra la minera Anabi S.A.C. ubicado en el distrito de Llusco, debido a los impactos ambientales por contaminaci\u00f3n en la cuenca del rio Yahuarmayo, conocido como El Molino, el deterioro de la carretera y del puente Santo Tom\u00e1s por el tr\u00e1nsito de veh\u00edculos mineros de alto tonelaje. Hubo mesas de di\u00e1logo y compromisos que no fueron complidos por el Estado que agrav\u00f3 las protestas.<\/p>\n\n\n\n<p>Despu\u00e9s de varios a\u00f1os de juicio, el 2020 y 2022, jueces de dos instancias judiciales determinaron que no exist\u00edan pruebas suficientes para sostener las acusaciones contra los diez exdirigentes y defensores ambientales de Llusco. Adem\u00e1s, se\u00f1alaron que la investigaci\u00f3n realizada fue deficiente. Asimismo, el 25 de marzo de 2024, se celebr\u00f3 la Audiencia de Casaci\u00f3n ante la Corte Suprema de Justicia de la Rep\u00fablica. En este contexto, la Fiscal\u00eda y la Procuradur\u00eda del Ministerio del Interior apelaron la sentencia y presentaron un recurso extraordinario de Casaci\u00f3n, lo que llev\u00f3 a la anulaci\u00f3n de la sentencia.<\/p>\n\n\n\n<p>Los ex dirigentes de comunidades originarias, acusados son: Luciano Ataucuri Ch\u00e1vez, Jul\u00ed\u00e1n Alejo Ataucuri Mancilla, Samuel Acero Hurtado, Edgardo Aguirre Pacheco, Grimaldo Asto Puma, Urbano Cjula C\u00e1ceres, Esteban Alvis Ccahuana, Jaime Mantilla Chancua\u00f1a, W\u00edlber Garc\u00eda Huaycani y Victoria Quispesivana Corrales.<\/p>\n\n\n\n<p>Los abogados de EarthRights International (ERI) y Derechos Humanos Sin Fronteras, quienes asumen la defensa legal de siete defensores criminalizados, se\u00f1alaron que este caso constituye un claro ejemplo de la criminalizaci\u00f3n de personas defensoras del medio ambiente que buscan proteger los recursos naturales de sus comunidades. En su declaraci\u00f3n, destacaron que el Estado no cumple con sus obligaciones internacionales de protecci\u00f3n a las personas defensoras del medio ambiente y los derechos humanos. En lugar de ello, persigue y acusa a estos defensores a trav\u00e9s de procesos judiciales prolongados y carentes de pruebas.<\/p>\n\n\n\n<p>Actualmente, Cusco sigue siendo el segundo departamento con mayor conflictividad social y ambiental debido al extractivismo, seg\u00fan el registro peri\u00f3dico de la Defensor\u00eda del Pueblo. En este contexto, se sostiene que el conflicto no puede resolverse a trav\u00e9s de la criminalizaci\u00f3n y estigmatizaci\u00f3n de los dirigentes sociales.<\/p>\n\n\n\n<p><em>\u00c1rea de Comunicaci\u00f3n e Incidencia Pol\u00edtica &#8211; DHSF<\/em><\/p>\n\n\n\n<p><\/p>","protected":false},"excerpt":{"rendered":"<p>A las 3:00 p.m. del 31 de marzo, defensores ambientales y de su territorio del distrito de LLusco, se presentaron ante el Poder Judicial de Cusco, donde se ten\u00eda que instalar la audiencia de juicio por los presuntos delitos de secuestro, violaci\u00f3n de domicilio, robo agravado, da\u00f1o agravado, delitos contra los medios de transporte y [&hellip;]<\/p>\n","protected":false},"author":1,"featured_media":8450,"comment_status":"open","ping_status":"open","sticky":false,"template":"","format":"standard","meta":{"_monsterinsights_skip_tracking":false,"_monsterinsights_sitenote_active":false,"_monsterinsights_sitenote_note":"","_monsterinsights_sitenote_category":0,"_jetpack_memberships_contains_paid_content":false,"footnotes":"","jetpack_publicize_message":"","jetpack_publicize_feature_enabled":true,"jetpack_social_post_already_shared":false,"jetpack_social_options":{"image_generator_settings":{"template":"highway","enabled":false},"version":2}},"categories":[157],"tags":[178,60,179,97,181,180],"class_list":["post-8449","post","type-post","status-publish","format-standard","has-post-thumbnail","hentry","category-area-de-comunicacion","tag-anabi","tag-criminalizacion-2","tag-defensores-ambientales-y-de-su-territorio","tag-llusco","tag-medio-ambiente","tag-protesta-social"],"blocksy_meta":[],"jetpack_publicize_connections":[],"jetpack_featured_media_url":"https:\/\/derechosinfronteras.pe\/wp-content\/uploads\/2025\/04\/WhatsApp-Image-2025-04-01-at-11.54.23-AM.jpeg","jetpack_sharing_enabled":true,"jetpack_likes_enabled":true,"_links":{"self":[{"href":"https:\/\/derechosinfronteras.pe\/ingles\/wp-json\/wp\/v2\/posts\/8449","targetHints":{"allow":["GET"]}}],"collection":[{"href":"https:\/\/derechosinfronteras.pe\/ingles\/wp-json\/wp\/v2\/posts"}],"about":[{"href":"https:\/\/derechosinfronteras.pe\/ingles\/wp-json\/wp\/v2\/types\/post"}],"author":[{"embeddable":true,"href":"https:\/\/derechosinfronteras.pe\/ingles\/wp-json\/wp\/v2\/users\/1"}],"replies":[{"embeddable":true,"href":"https:\/\/derechosinfronteras.pe\/ingles\/wp-json\/wp\/v2\/comments?post=8449"}],"version-history":[{"count":2,"href":"https:\/\/derechosinfronteras.pe\/ingles\/wp-json\/wp\/v2\/posts\/8449\/revisions"}],"predecessor-version":[{"id":8452,"href":"https:\/\/derechosinfronteras.pe\/ingles\/wp-json\/wp\/v2\/posts\/8449\/revisions\/8452"}],"wp:featuredmedia":[{"embeddable":true,"href":"https:\/\/derechosinfronteras.pe\/ingles\/wp-json\/wp\/v2\/media\/8450"}],"wp:attachment":[{"href":"https:\/\/derechosinfronteras.pe\/ingles\/wp-json\/wp\/v2\/media?parent=8449"}],"wp:term":[{"taxonomy":"category","embeddable":true,"href":"https:\/\/derechosinfronteras.pe\/ingles\/wp-json\/wp\/v2\/categories?post=8449"},{"taxonomy":"post_tag","embeddable":true,"href":"https:\/\/derechosinfronteras.pe\/ingles\/wp-json\/wp\/v2\/tags?post=8449"}],"curies":[{"name":"wp","href":"https:\/\/api.w.org\/{rel}","templated":true}]}}