{"id":8453,"date":"2025-04-10T12:11:51","date_gmt":"2025-04-10T17:11:51","guid":{"rendered":"https:\/\/derechosinfronteras.pe\/?p=8453"},"modified":"2025-04-11T14:57:06","modified_gmt":"2025-04-11T19:57:06","slug":"la-ley-n-o-32293-y-el-despojo-legalizado-el-congreso-lo-hizo-otra-vez-nueva-ley-inconstitucional-contra-comunidades-campesinas-y-nativas","status":"publish","type":"post","link":"https:\/\/derechosinfronteras.pe\/ingles\/la-ley-n-o-32293-y-el-despojo-legalizado-el-congreso-lo-hizo-otra-vez-nueva-ley-inconstitucional-contra-comunidades-campesinas-y-nativas\/","title":{"rendered":"La Ley N.\u00ba 32293 y el despojo legalizado: El Congreso lo hizo otra vez, nueva Ley inconstitucional contra Comunidades Campesinas"},"content":{"rendered":"\n<p class=\"has-text-align-center\"><em><strong><span style=\"color: var(--theme-palette-color-3, #687279);\" class=\"stk-highlight\">\u201cLas comunidades campesinas son organizaciones de inter\u00e9s p\u00fablico, con existencia legal y personer\u00eda jur\u00eddica, integrados por familias que habitan y controlan determinados territorios, ligados por v\u00ednculos ancestrales, sociales y econ\u00f3micos y culturales, expresados en la propiedad comunal de la tierra, en el trabajo comunal, la ayuda mutua, el gobierno democr\u00e1tico y desarrollo de las actividades multisectoriales&#8230;\u201d<\/span><\/strong> <\/em>Art\u00edculo 2 de la Ley N.\u00ba 24656, Ley General de Comunidades Campesinas.<\/p>\n\n\n\n<p>La Ley 32293, publicada el 8 de abril de 2025, modifica la Ley N.\u00ba 24657 para permitir la formalizaci\u00f3n de posesiones informales sobre propiedad comunal. Esta norma es inconstitucional, vulnera el principio de imprescriptibilidad de la propiedad comunal y omite el derecho fundamental de consulta previa de los pueblos ind\u00edgenas.<\/p>\n\n\n\n<p><strong><span style=\"color: #000000;\" class=\"stk-highlight\">1.- Una primera aproximaci\u00f3n critica a la Ley<\/span><\/strong><\/p>\n\n\n\n<p>De manera reiterada, el Congreso aprueba normativas que contravienen derechos fundamentales,&nbsp;<em>esto es&nbsp;casi la nueva normalidad legislativa<\/em>, en esta ocasi\u00f3n acaba de publicar una nueva Ley contra de las Comunidades Campesinas del Per\u00fa, pues se trata de la Ley N.\u00ba 32293, recientemente publicada por insistencia en el Diario Oficial El Peruano, se trata de la&nbsp;<em>Ley que modifica la ley 24657,&nbsp;<u>ley que declara de necesidad nacional e inter\u00e9s social el deslinde y la titulaci\u00f3n del territorio de las comunidades campesinas, para incorporar en el proceso de formalizaci\u00f3n a los pobladores que formen parte de posesiones informales constituidas del 2004 al 2015 con fines de vivienda sobre propiedad comunal<\/u><\/em>. Esta es otra Ley inconstitucional.<\/p>\n\n\n\n<p>Veamos de que se trata. El pasado 28 de octubre de 2022, el Congreso de la Rep\u00fablica emiti\u00f3 por vez primera la aut\u00f3grafa de Ley a fin que el Poder Ejecutivo la promulgue o la observe, ocurri\u00f3 lo \u00faltimo. La observaci\u00f3n del Poder Ejecutivo,&nbsp;<em><u>22 de noviembre de 2022<\/u><\/em>,&nbsp;<em>siendo a\u00fan presidente Pedro Castillo<\/em>&nbsp;se concentr\u00f3 en advertir que el Congreso \u201c[..]&nbsp;<em><u>no ha analizado esas posibles afectaciones, en especial a las comunidades campesinas de la costa, y tampoco ha considerado la aplicaci\u00f3n del derecho a la consulta previa<\/u><\/em>&nbsp;[\u2026]\u201d.<\/p>\n\n\n\n<figure class=\"wp-block-image size-full\"><img fetchpriority=\"high\" decoding=\"async\" width=\"735\" height=\"1000\" src=\"https:\/\/derechosinfronteras.pe\/wp-content\/uploads\/2025\/04\/Sin-titulo-1.png\" alt=\"\" class=\"wp-image-8454\" srcset=\"https:\/\/derechosinfronteras.pe\/wp-content\/uploads\/2025\/04\/Sin-titulo-1.png 735w, https:\/\/derechosinfronteras.pe\/wp-content\/uploads\/2025\/04\/Sin-titulo-1-221x300.png 221w\" sizes=\"(max-width: 735px) 100vw, 735px\" \/><\/figure>\n\n\n\n<p>El Ejecutivo en aquel entonces se\u00f1al\u00f3 que era necesario garantizar el derecho a la participaci\u00f3n de los pueblos ind\u00edgenas involucrados que ser\u00e1n afectados por la Ley, as\u00ed como evaluar la necesidad de realizar un proceso de consulta previa, pues lo contrario es vulnerar la normativa nacional e internacional, esto es, la Ley de Consulta Previa y el Convenio 169 de la OIT.<\/p>\n\n\n\n<p>Sin embargo, como ya es costumbre \u201c<em><u>casi normalizada<\/u><\/em>\u201d, el Congreso aprueba leyes en retroceso, vulnerando derechos fundamentales, esta vez aprob\u00f3 por insistencia, es decir, no importo nada las observaciones realizadas por el Ejecutivo y menos abrir el debate con participaci\u00f3n de la Comunidades afectadas, sino por imposici\u00f3n del voto mayoritario publicaron la Ley.<\/p>\n\n\n\n<p><strong><span style=\"color: #000000;\" class=\"stk-highlight\">2.- La nueva Ley<\/span><\/strong><\/p>\n\n\n\n<p>La Ley 32293<a href=\"https:\/\/busquedas.elperuano.pe\/dispositivo\/NL\/2388515-1\" target=\"_blank\" rel=\"noopener\">[1]<\/a>\u00a0\u00a0modifica la ley 24657,\u00a0<em>ley que declara de necesidad nacional e inter\u00e9s social el deslinde y la titulaci\u00f3n del territorio de las comunidades campesinas, para incorporar en el proceso de formalizaci\u00f3n a los pobladores que\u00a0<strong>formen parte de posesiones informales constituidas del 2004 al 2015 con fines de vivienda sobre propiedad comunal<\/strong><\/em>. La modificaci\u00f3n se encuentra en el art\u00edculo 2.b modificado en los siguientes t\u00e9rminos: [\u2026]<\/p>\n\n\n\n<p>No se consideran tierras de la Comunidad: [\u2026]<\/p>\n\n\n\n<p><em>b) Las tierras <strong>de aquellas comunidades campesinas que no tengan la condici\u00f3n de pueblo ind\u00edgena u originario<\/strong> que se encuentren ocupadas por centros poblados o asentamientos humanos al 31 de diciembre de 2015, salvo aquellas sobre las que se haya interpuesto acciones de reivindicaci\u00f3n por parte de las Comunidades Campesinas antes de dicha fecha. <strong>Las autoridades pertinentes proceder\u00e1n a formalizar y registrar las tierras ocupadas por los asentamientos humanos, con el fin de adjudicar y registrar la propiedad individual de los lotes a sus ocupantes<\/strong>. Se except\u00faan las tierras de los centros poblados que est\u00e9n formados<\/em> [\u2026].<\/p>\n\n\n\n<p>El texto original se encuentra en la Ley N.\u00ba 24657 cuyo tenor en el art\u00edculo 2.b: [\u2026]<\/p>\n\n\n\n<p>No se consideran tierras de la Comunidad: [\u2026]<\/p>\n\n\n\n<p>b) Las tierras que al 6 de marzo de 1987 se encuentren ocupadas por centros poblados o asentamiento humanos, salvo aquellas sobre las que se hayan planteado acciones de reivindicaci\u00f3n por parte de las Comunidades Campesinas [\u2026].<\/p>\n\n\n\n<figure class=\"wp-block-image size-full\"><img decoding=\"async\" width=\"1000\" height=\"724\" src=\"https:\/\/derechosinfronteras.pe\/wp-content\/uploads\/2025\/04\/0B8z6g49rvkhtNkd5ZFAtMm9BWGs.jpg\" alt=\"\" class=\"wp-image-8455\" srcset=\"https:\/\/derechosinfronteras.pe\/wp-content\/uploads\/2025\/04\/0B8z6g49rvkhtNkd5ZFAtMm9BWGs.jpg 1000w, https:\/\/derechosinfronteras.pe\/wp-content\/uploads\/2025\/04\/0B8z6g49rvkhtNkd5ZFAtMm9BWGs-300x217.jpg 300w, https:\/\/derechosinfronteras.pe\/wp-content\/uploads\/2025\/04\/0B8z6g49rvkhtNkd5ZFAtMm9BWGs-768x556.jpg 768w\" sizes=\"(max-width: 1000px) 100vw, 1000px\" \/><\/figure>\n\n\n\n<p><strong><span style=\"color: #000000;\" class=\"stk-highlight\">3.- Afectaci\u00f3n de derechos de Comunidades<\/span><\/strong><\/p>\n\n\n\n<p>En principio, lo que ha aprobado el Congreso resulta grave en la perspectiva que viola flagrantemente el texto Constitucional, cuando en ella se se\u00f1ala que la Comunidad Campesina y Nativa est\u00e1n provistos de autonom\u00eda, adem\u00e1s que desde la Constituci\u00f3n de 1920 hasta la actualidad la propia Constituci\u00f3n ha se\u00f1alado literalmente que\u00a0<strong>la propiedad de la comunidad campesina es imprescriptible <\/strong><a href=\"http:\/\/Art\u00edculo 41, Constituci\u00f3n de 1920. Art\u00edculo 209, Constituci\u00f3n de 1933. Art\u00edculo 163, Constituci\u00f3n de 1979 y Art\u00edculo 89, Constituci\u00f3n de 1993\" target=\"_blank\" rel=\"noreferrer noopener\">[2]<\/a>.<\/p>\n\n\n\n<p>La Constituci\u00f3n es insistente en la protecci\u00f3n a la unidad territorial de la Comunidad Campesina, y en estricto \u00fanicamente sus miembros denominados&nbsp;<strong>comuneras o comuneros calificados<\/strong>&nbsp;(<em>nacidos en la Comunidad, hijos de comuneros y\/o integradas<\/em>) pueden ser poseedores de las tierras del territorio comunal.<\/p>\n\n\n\n<p>Ahora bien, siendo propiedad comunal <em>\u00bfun tercero o ajeno a la Comunidad podr\u00eda en su calidad de poseedor apropiarse de terrenos de la Comunidad?<\/em> La respuesta inmediata es no, esto debido al mandato expreso de la Constituci\u00f3n, pues la propiedad comunal es imprescriptible. Esta protecci\u00f3n se mantiene vigente debido al abuso de los hacendados en aquellos a\u00f1os, y hoy por aquellos que invaden la propiedad comunal.<\/p>\n\n\n\n<p>Los ejemplos m\u00e1s palpables se encuentran en lo siguiente:&nbsp;<em>si una persona quiere apropiarse de un terreno comunal, el primer camino es la posesi\u00f3n, as\u00ed que por fuerza o a trav\u00e9s de enga\u00f1os ingresan en territorio comunal, una vez siendo poseedor denuncian a las Autoridades Comunales por el delito de usurpaci\u00f3n cuando los invasores son notificados para que desocupen las tierras comunales<\/em>.&nbsp;<strong>Denuncias por usurpaci\u00f3n contra las Autoridades Comunales hay en todos lados<\/strong>.<\/p>\n\n\n\n<p>Esta nueva Ley emitida por el Congreso lo que hace es nuevamente desafiar a la organizaci\u00f3n comunal enfrent\u00e1ndola con los usurpadores e invasores de la propiedad comunal, pues en ning\u00fan lado el Congreso de la Rep\u00fablica se debe permitir promulgar una Ley inconstitucional, esta costumbre antijur\u00eddica del Congreso genera conflictos que finalmente terminan por criminalizar a Autoridades comunales cuando deciden sacar a los usurpadores o invasores.<\/p>\n\n\n\n<figure class=\"wp-block-gallery has-nested-images columns-default is-cropped wp-block-gallery-1 is-layout-flex wp-block-gallery-is-layout-flex\">\n<figure class=\"wp-block-image size-large\"><img decoding=\"async\" width=\"1000\" height=\"563\" data-id=\"8458\" src=\"https:\/\/derechosinfronteras.pe\/wp-content\/uploads\/2025\/04\/Rondas-campesinas-de-la-region-Puno.jpg\" alt=\"\" class=\"wp-image-8458\" srcset=\"https:\/\/derechosinfronteras.pe\/wp-content\/uploads\/2025\/04\/Rondas-campesinas-de-la-region-Puno.jpg 1000w, https:\/\/derechosinfronteras.pe\/wp-content\/uploads\/2025\/04\/Rondas-campesinas-de-la-region-Puno-300x169.jpg 300w, https:\/\/derechosinfronteras.pe\/wp-content\/uploads\/2025\/04\/Rondas-campesinas-de-la-region-Puno-768x432.jpg 768w\" sizes=\"(max-width: 1000px) 100vw, 1000px\" \/><\/figure>\n<\/figure>\n\n\n\n<p><strong><span style=\"color: #000000fc;\" class=\"stk-highlight\">4.- Sobre la omisi\u00f3n de Consulta Previa<\/span><\/strong><\/p>\n\n\n\n<p>La nueva Ley vigente, se\u00f1ala que solo se aplicar\u00eda a \u201c<strong><em>[\u2026] comunidades campesinas que no tengan la condici\u00f3n de pueblo ind\u00edgena u originario [\u2026]<\/em><\/strong>\u201d. Aqu\u00ed debemos se\u00f1alar que el art\u00edculo 29.1 del Reglamento de la Ley de Consulta Previa <a href=\"http:\/\/Decreto Supremo 1-2012-MC Reglamento de la Ley N.\u00ba 29785, Ley del derecho a la consulta previa a los pueblos ind\u00edgenas u originarios reconocidos en el Convenio 169 de la OIT\" target=\"_blank\" rel=\"noreferrer noopener\">[3]<\/a>, que a la letra dice: \u201c<em><u>La Base de datos oficial de los pueblos ind\u00edgenas y sus organizaciones [\u2026] que sirve para el proceso de identificaci\u00f3n de los pueblos ind\u00edgenas [\u2026] No tiene car\u00e1cter constitutivo de derechos<\/u><\/em>\u00a0[\u2026]\u201d.<\/p>\n\n\n\n<p>Tomando lo anterior, afirmamos que, conforme a la Base de Datos del Viceministerio de Interculturalidad del Ministerio de Cultura, este no es un registro r\u00edgido, por tanto, si la Comunidad cumple con los criterios establecidos en el Convenio 169 de la OIT, las Comunidades tambi\u00e9n formar\u00e1n parte de los pueblos ind\u00edgenas sin la necesidad de su expresi\u00f3n en un registro.&nbsp;El Convenio 169 de la OIT se encuentra vigente en el Per\u00fa desde 1995.<\/p>\n\n\n\n<p>No se puede afirmar, como lo hace el proyecto de ley en su justificaci\u00f3n&nbsp;de la exposici\u00f3n de motivos se\u00f1ala como \u201ccomunidades fantasmas\u201d citando a Gunther Gonzales Barr\u00f3n, pues no es posible afirmar que la unidad territorial est\u00e1 conformada por miembros artificiales, impostadas o superpuestas para vender tierras. Pues previamente se debe hacer un estudio caso por caso.&nbsp;En las Comunidades Campesinas no existe tierras abandonadas o dejadas de trabajar, esto es porque no entienden la forma de uso de las tierras en sus correspondientes periodos de siembra y cosecha, varias veces nos han se\u00f1alado que en las Comunidades faltan tierras para las nuevas generaciones.<\/p>\n\n\n\n<p>En este punto, es necesario se\u00f1alar que seg\u00fan el Viceministerio de Interculturalidad del Ministerio de Cultura (MINCUL), se\u00f1ala que a nivel nacional se tiene un registro de 9244 comunidades campesinas o nativas registradas como pueblos ind\u00edgenas u originarios <a href=\"https:\/\/bdpi.cultura.gob.pe\/que-es-la-bdpi\" target=\"_blank\" rel=\"noreferrer noopener\">[4]<\/a>. Estamos refiri\u00e9ndonos a aquellas Comunidades Campesinas y Nativas inscritas, pues a la fecha hay aun comunidades que no lograron su inscripci\u00f3n o que a\u00fan se encuentran en juicio.<\/p>\n\n\n\n<p>De la cifra nacional mencionada,\u00a0<em><u>dato no constitutivo de derechos<\/u><\/em>, se tiene que en el departamento de Cusco el MINCUL tiene registrado 1132 comunidades campesinas y nativas, en ellas se encuentran identificadas los pueblos ind\u00edgenas u originarios: Quechua, Kichwa, Ashninka, Harakbut, Kakinte, Matsigenka y Yine<a href=\"https:\/\/www.inei.gob.pe\/media\/MenuRecursivo\/publicaciones_digitales\/Est\/Lib1597\/TOMO_01.pdf\" target=\"_blank\" rel=\"noreferrer noopener\"> [5]<\/a>,\u00a0de acuerdo al Directorio de comunidades nativas y campesinas describe que los pueblos ind\u00edgenas. A nivel nacional son mucho m\u00e1s los pueblos ind\u00edgenas u originarios.<\/p>\n\n\n\n<p>Es evidente que esta Ley afecta a los pueblos ind\u00edgenas, afecta el territorio comunal, afecta su autonom\u00eda comunal, afecta su derecho a la participaci\u00f3n ciudadana, afecta el derecho fundamental a la consulta previa y esencialmente la imprescriptibilidad de la propiedad comunal.<\/p>\n\n\n\n<figure class=\"wp-block-image size-full\"><img loading=\"lazy\" decoding=\"async\" width=\"1000\" height=\"750\" src=\"https:\/\/derechosinfronteras.pe\/wp-content\/uploads\/2025\/04\/IMG_6167.jpg\" alt=\"\" class=\"wp-image-8459\" srcset=\"https:\/\/derechosinfronteras.pe\/wp-content\/uploads\/2025\/04\/IMG_6167.jpg 1000w, https:\/\/derechosinfronteras.pe\/wp-content\/uploads\/2025\/04\/IMG_6167-300x225.jpg 300w, https:\/\/derechosinfronteras.pe\/wp-content\/uploads\/2025\/04\/IMG_6167-768x576.jpg 768w\" sizes=\"(max-width: 1000px) 100vw, 1000px\" \/><\/figure>\n\n\n\n<p><strong><span style=\"color: #000000;\" class=\"stk-highlight\">5.- A modo de conclusi\u00f3n<\/span><\/strong><\/p>\n\n\n\n<p>El Congreso, no ha dimensionado el conflicto social que trae consigo, pues a trav\u00e9s de COFOPRI iniciara un conjunto de acciones para otorgar el t\u00edtulo de propiedad a costa de la invasi\u00f3n y despojo de propiedad comunal. Sabemos que cualquier acto de independizaci\u00f3n de terrenos comunales esta debe pasar por la aprobaci\u00f3n de la asamblea general y con el voto a favor de los 2\/3 de los comuneros calificados, sin el cumplimiento de este requisito cualquier titulaci\u00f3n es ilegal.<\/p>\n\n\n\n<p>El Congreso ha emitido una Ley abiertamente inconstitucional, revertirla ser\u00e1 un camino dif\u00edcil dejando a muchas autoridades comunales criminalizadas, debilitando su organizaci\u00f3n comunal, as\u00ed como estigmatizando nuevamente a las Comunidades.<\/p>\n\n\n\n<p>Si bien, la propiedad es un derecho, pero hacerse de propiedad un terreno comunal imprescriptible constituye una arbitrariedad contra pueblo ind\u00edgena adem\u00e1s que es un acto ilegal. El Congreso otorga la herramienta para legalizar lo ilegal, descriminaliza soterradamente la invasi\u00f3n de ajenos o terceros.<\/p>\n\n\n\n<p>No es posible que la responsabilidad de calificar si una poblaci\u00f3n es ind\u00edgena o no recaiga en un funcionario (COFOPRI), cuya \u00fanica funci\u00f3n es tramitar para el otorgamiento del t\u00edtulo de propiedad, pues nadie tiene la capacidad de hacerlo, los pueblos ind\u00edgenas se auto reconocen bajo los criterios establecidos en el Convenio 169 y la Ley.<\/p>\n\n\n\n<p>En zonas con crecimiento de los centros poblados dentro del territorio comunal, su titulaci\u00f3n en la pr\u00e1ctica ser\u00eda el fraccionamiento y la extinci\u00f3n de la Comunidad, una decisi\u00f3n de esta naturaleza se exige que la Comunidad decida conforme a ley.<\/p>\n\n\n\n<p>El Congreso no debe promover la regularizaci\u00f3n de ocupaciones informales, sin distinci\u00f3n de origen, lo que abre paso a la legalizaci\u00f3n de ocupaciones ileg\u00edtimas. Lo que queda a las Comunidades Campesinas es iniciar acciones legales a fin de lograr una sentencia que declare la inaplicaci\u00f3n de la ley o se declare su inconstitucionalidad. Sin duda alguna esta Ley es una grave afectaci\u00f3n a las Comunidades Campesinas.<\/p>\n\n\n\n<p><strong>Por Helio N\u00e9stor Cruz Chuchullo<\/strong><\/p>\n\n\n\n<hr class=\"wp-block-separator has-alpha-channel-opacity\"\/>\n\n\n\n<p>[1] <a href=\"https:\/\/busquedas.elperuano.pe\/dispositivo\/NL\/2388515-1\" target=\"_blank\" rel=\"noopener\">https:\/\/busquedas.elperuano.pe\/dispositivo\/NL\/2388515-1<\/a><\/p>\n\n\n\n<p>[2] Art\u00edculo 41, Constituci\u00f3n de 1920. Art\u00edculo 209, Constituci\u00f3n de 1933. Art\u00edculo 163, Constituci\u00f3n de 1979 y Art\u00edculo 89, Constituci\u00f3n de 1993<\/p>\n\n\n\n<p>[3] Decreto Supremo 1-2012-MC Reglamento de la Ley N.\u00ba 29785, Ley del derecho a la consulta previa a los pueblos ind\u00edgenas u originarios reconocidos en el Convenio 169 de la OIT<\/p>\n\n\n\n<p>[4] Base de datos del viceministerio de interculturalidad del Ministerio de Cultura. <a href=\"https:\/\/bdpi.cultura.gob.pe\/que-es-la-bdpi\" target=\"_blank\" rel=\"noopener\">https:\/\/bdpi.cultura.gob.pe\/que-es-la-bdpi<\/a><\/p>\n\n\n\n<p>[5] Directorio de Comunidades Nativas y Campesinas. Censos Nacionales 2017: XII de Poblaci\u00f3n, VII de Vivienda y III de Comunidades Ind\u00edgenas III Censo de Comunidades Nativas y I Censo de Comunidades Campesinas. Diciembre, 2018. <a href=\"https:\/\/www.inei.gob.pe\/media\/MenuRecursivo\/publicaciones_digitales\/Est\/Lib1597\/TOMO_01.pdf\" target=\"_blank\" rel=\"noopener\">https:\/\/www.inei.gob.pe\/media\/MenuRecursivo\/publicaciones_digitales\/Est\/Lib1597\/TOMO_01.pdf<\/a><\/p>\n","protected":false},"excerpt":{"rendered":"<p>\u201cLas comunidades campesinas son organizaciones de inter\u00e9s p\u00fablico, con existencia legal y personer\u00eda jur\u00eddica, integrados por familias que habitan y controlan determinados territorios, ligados por v\u00ednculos ancestrales, sociales y econ\u00f3micos y culturales, expresados en la propiedad comunal de la tierra, en el trabajo comunal, la ayuda mutua, el gobierno democr\u00e1tico y desarrollo de las actividades [&hellip;]<\/p>\n","protected":false},"author":1,"featured_media":8465,"comment_status":"open","ping_status":"open","sticky":false,"template":"","format":"standard","meta":{"_monsterinsights_skip_tracking":false,"_monsterinsights_sitenote_active":false,"_monsterinsights_sitenote_note":"","_monsterinsights_sitenote_category":0,"_jetpack_memberships_contains_paid_content":false,"footnotes":"","jetpack_publicize_message":"","jetpack_publicize_feature_enabled":true,"jetpack_social_post_already_shared":false,"jetpack_social_options":{"image_generator_settings":{"template":"highway","enabled":false},"version":2}},"categories":[160],"tags":[],"class_list":["post-8453","post","type-post","status-publish","format-standard","has-post-thumbnail","hentry","category-area-legal"],"blocksy_meta":[],"jetpack_publicize_connections":[],"jetpack_featured_media_url":"https:\/\/derechosinfronteras.pe\/wp-content\/uploads\/2025\/04\/ley-contra-las-comunidades-campesinas-2.png","jetpack_sharing_enabled":true,"jetpack_likes_enabled":true,"_links":{"self":[{"href":"https:\/\/derechosinfronteras.pe\/ingles\/wp-json\/wp\/v2\/posts\/8453","targetHints":{"allow":["GET"]}}],"collection":[{"href":"https:\/\/derechosinfronteras.pe\/ingles\/wp-json\/wp\/v2\/posts"}],"about":[{"href":"https:\/\/derechosinfronteras.pe\/ingles\/wp-json\/wp\/v2\/types\/post"}],"author":[{"embeddable":true,"href":"https:\/\/derechosinfronteras.pe\/ingles\/wp-json\/wp\/v2\/users\/1"}],"replies":[{"embeddable":true,"href":"https:\/\/derechosinfronteras.pe\/ingles\/wp-json\/wp\/v2\/comments?post=8453"}],"version-history":[{"count":5,"href":"https:\/\/derechosinfronteras.pe\/ingles\/wp-json\/wp\/v2\/posts\/8453\/revisions"}],"predecessor-version":[{"id":8473,"href":"https:\/\/derechosinfronteras.pe\/ingles\/wp-json\/wp\/v2\/posts\/8453\/revisions\/8473"}],"wp:featuredmedia":[{"embeddable":true,"href":"https:\/\/derechosinfronteras.pe\/ingles\/wp-json\/wp\/v2\/media\/8465"}],"wp:attachment":[{"href":"https:\/\/derechosinfronteras.pe\/ingles\/wp-json\/wp\/v2\/media?parent=8453"}],"wp:term":[{"taxonomy":"category","embeddable":true,"href":"https:\/\/derechosinfronteras.pe\/ingles\/wp-json\/wp\/v2\/categories?post=8453"},{"taxonomy":"post_tag","embeddable":true,"href":"https:\/\/derechosinfronteras.pe\/ingles\/wp-json\/wp\/v2\/tags?post=8453"}],"curies":[{"name":"wp","href":"https:\/\/api.w.org\/{rel}","templated":true}]}}