{"id":8477,"date":"2025-05-02T15:32:13","date_gmt":"2025-05-02T20:32:13","guid":{"rendered":"https:\/\/derechosinfronteras.pe\/?p=8477"},"modified":"2025-05-02T16:54:59","modified_gmt":"2025-05-02T21:54:59","slug":"comunidades-originarias-de-chumbivilcas-y-espinar-se-capacitan-para-el-ejercicio-y-gestion-de-su-territorio","status":"publish","type":"post","link":"https:\/\/derechosinfronteras.pe\/ingles\/comunidades-originarias-de-chumbivilcas-y-espinar-se-capacitan-para-el-ejercicio-y-gestion-de-su-territorio\/","title":{"rendered":"Comunidades originarias de Chumbivilcas y Espinar se capacitan para el ejercicio y gesti\u00f3n de su territorio"},"content":{"rendered":"<p>Las provincias de Espinar y Chumbivilcas, que albergan un alto n\u00famero de comunidades originarias, enfrentan actualmente una creciente expansi\u00f3n de proyectos mineros en sus territorios. En este contexto, se vuelve indispensable fortalecer sus capacidades de la poblaci\u00f3n para una buena gesti\u00f3n territorial comunal.<\/p>\n\n\n\n<p>Los d\u00edas 12 y 13 de abril se desarroll\u00f3 el M\u00f3dulo I del Programa de Capacitaci\u00f3n T\u00e9cnico-Ambiental y Legal 2025, con el objetivo de fortalecer conocimientos en materia ambiental y legal. Durante las sesiones, se evidenci\u00f3 una preocupaci\u00f3n ante la ausencia de mecanismos efectivos de consulta previa.<\/p>\n\n\n\n<figure class=\"wp-block-gallery has-nested-images columns-default is-cropped wp-block-gallery-1 is-layout-flex wp-block-gallery-is-layout-flex\">\n<figure class=\"wp-block-image size-large\"><img fetchpriority=\"high\" decoding=\"async\" width=\"1000\" height=\"667\" data-id=\"8478\" src=\"https:\/\/derechosinfronteras.pe\/wp-content\/uploads\/2025\/05\/4.jpg\" alt=\"\" class=\"wp-image-8478\" srcset=\"https:\/\/derechosinfronteras.pe\/wp-content\/uploads\/2025\/05\/4.jpg 1000w, https:\/\/derechosinfronteras.pe\/wp-content\/uploads\/2025\/05\/4-300x200.jpg 300w, https:\/\/derechosinfronteras.pe\/wp-content\/uploads\/2025\/05\/4-768x512.jpg 768w\" sizes=\"(max-width: 1000px) 100vw, 1000px\" \/><figcaption class=\"wp-element-caption\"><strong><span style=\"color: var(--theme-palette-color-6, #f9fafb);\" class=\"stk-highlight\">\u201cEl derecho a decidir sobre el territorio es parte esencial de la identidad de los pueblos originarios\u201d<\/span><\/strong><\/figcaption><\/figure>\n<\/figure>\n\n\n\n<p>Uno de los temas abordados que gener\u00f3 preocupaci\u00f3n en las\/los participantes es la falta de consulta previa informada en determinados proyectos mineros, como Antapaccay. Tambi\u00e9n se trataron temas como las etapas de los proyectos mineros, sus componentes, impactos ambientales y socioculturales, destac\u00e1ndose el conocimiento que poseen las comunidades sobre su territorio y las afectaciones que vienen enfrentando. Asimismo, una de las principales inquietudes expresadas fue la falta de inclusi\u00f3n de algunas comunidades como \u00e1reas de influencia directa del proyecto, y que no hay estrategias interculturales que garanticen una real participaci\u00f3n de las comunidades en el proceso de evaluaci\u00f3n de instrumentos de gesti\u00f3n ambiental que presentan los proyectos mineros, para realizar exploraci\u00f3n y explotaci\u00f3n en territorios originarios.<\/p>\n\n\n\n<figure class=\"wp-block-gallery has-nested-images columns-default is-cropped wp-block-gallery-2 is-layout-flex wp-block-gallery-is-layout-flex\">\n<figure class=\"wp-block-image size-large\"><img decoding=\"async\" width=\"1000\" height=\"750\" data-id=\"8479\" src=\"https:\/\/derechosinfronteras.pe\/wp-content\/uploads\/2025\/05\/1.jpg\" alt=\"\" class=\"wp-image-8479\" srcset=\"https:\/\/derechosinfronteras.pe\/wp-content\/uploads\/2025\/05\/1.jpg 1000w, https:\/\/derechosinfronteras.pe\/wp-content\/uploads\/2025\/05\/1-300x225.jpg 300w, https:\/\/derechosinfronteras.pe\/wp-content\/uploads\/2025\/05\/1-768x576.jpg 768w\" sizes=\"(max-width: 1000px) 100vw, 1000px\" \/><figcaption class=\"wp-element-caption\"><strong><span style=\"color: var(--theme-palette-color-6, #f9fafb);\" class=\"stk-highlight\">\u201cLas comunidades identifican su territorio como base para ejercer sus derechos colectivos\u201d<\/span><\/strong><\/figcaption><\/figure>\n<\/figure>\n\n\n\n<p>El M\u00f3dulo II se llev\u00f3 a cabo los d\u00edas 26 y 27 de abril en Santo Tom\u00e1s. En esta segunda etapa, se abordaron los derechos colectivos de los pueblos ind\u00edgenas, as\u00ed como herramientas para la vigilancia y monitoreo ambiental comunitario. Se trabaj\u00f3 adem\u00e1s la interpretaci\u00f3n y elaboraci\u00f3n de mapas, y se identificaron grandes extensiones de territorio comunal concesionadas sin conocimiento previo de las propias comunidades. En este espacio, se reiter\u00f3 que el derecho a la autodeterminaci\u00f3n como pueblos originarios es clave para una gesti\u00f3n adecuada de sus territorios.<\/p>\n\n\n\n<p>Este proceso formativo, impulsado por Derechos Humanos Sin Fronteras en alianza con la Red Muqui, re\u00fane a comuneros, comuneras, promotores y defensores ambientales de las provincias de Chumbivilcas y Espinar.<\/p>\n\n\n\n<figure class=\"wp-block-gallery has-nested-images columns-default is-cropped wp-block-gallery-3 is-layout-flex wp-block-gallery-is-layout-flex\">\n<figure class=\"wp-block-image size-large\"><img decoding=\"async\" width=\"1000\" height=\"750\" data-id=\"8480\" src=\"https:\/\/derechosinfronteras.pe\/wp-content\/uploads\/2025\/05\/6.jpg\" alt=\"\" class=\"wp-image-8480\" srcset=\"https:\/\/derechosinfronteras.pe\/wp-content\/uploads\/2025\/05\/6.jpg 1000w, https:\/\/derechosinfronteras.pe\/wp-content\/uploads\/2025\/05\/6-300x225.jpg 300w, https:\/\/derechosinfronteras.pe\/wp-content\/uploads\/2025\/05\/6-768x576.jpg 768w\" sizes=\"(max-width: 1000px) 100vw, 1000px\" \/><figcaption class=\"wp-element-caption\"><strong><span style=\"color: var(--theme-palette-color-6, #f9fafb);\" class=\"stk-highlight\">\u201cConocer el marco legal fortalece la participaci\u00f3n de las comunidades en la gesti\u00f3n del territorio.\u201d<\/span><\/strong><\/figcaption><\/figure>\n<\/figure>\n\n\n\n<p>Durante los debates, las\/los participantes enfatizaron su preocupaci\u00f3n por la falta de acceso a sus derechos fundamentales, especialmente por la falta de acceso a informaci\u00f3n ambiental oportuna y la ausencia de procesos adecuados de consulta previa. En el espacio de evaluaci\u00f3n, se discutieron alternativas para fortalecer la vigilancia territorial comunitaria, con el prop\u00f3sito de garantizar un ambiente sano y el pleno respeto de sus derechos colectivos.<\/p>\n\n\n\n<p><strong>Por Liliana Pe\u00f1a<\/strong>, <strong>Judith Conto<\/strong> <\/p>\n\n\n\n<p><\/p>","protected":false},"excerpt":{"rendered":"<p>Las provincias de Espinar y Chumbivilcas, que albergan un alto n\u00famero de comunidades originarias, enfrentan actualmente una creciente expansi\u00f3n de proyectos mineros en sus territorios. En este contexto, se vuelve indispensable fortalecer sus capacidades de la poblaci\u00f3n para una buena gesti\u00f3n territorial comunal. Los d\u00edas 12 y 13 de abril se desarroll\u00f3 el M\u00f3dulo I [&hellip;]<\/p>\n","protected":false},"author":1,"featured_media":8478,"comment_status":"open","ping_status":"open","sticky":false,"template":"","format":"standard","meta":{"_monsterinsights_skip_tracking":false,"_monsterinsights_sitenote_active":false,"_monsterinsights_sitenote_note":"","_monsterinsights_sitenote_category":0,"_jetpack_memberships_contains_paid_content":false,"footnotes":"","jetpack_publicize_message":"","jetpack_publicize_feature_enabled":true,"jetpack_social_post_already_shared":false,"jetpack_social_options":{"image_generator_settings":{"template":"highway","enabled":false},"version":2}},"categories":[158,160],"tags":[],"class_list":["post-8477","post","type-post","status-publish","format-standard","has-post-thumbnail","hentry","category-area-decma","category-area-legal"],"blocksy_meta":[],"jetpack_publicize_connections":[],"jetpack_featured_media_url":"https:\/\/derechosinfronteras.pe\/wp-content\/uploads\/2025\/05\/4.jpg","jetpack_sharing_enabled":true,"jetpack_likes_enabled":true,"_links":{"self":[{"href":"https:\/\/derechosinfronteras.pe\/ingles\/wp-json\/wp\/v2\/posts\/8477","targetHints":{"allow":["GET"]}}],"collection":[{"href":"https:\/\/derechosinfronteras.pe\/ingles\/wp-json\/wp\/v2\/posts"}],"about":[{"href":"https:\/\/derechosinfronteras.pe\/ingles\/wp-json\/wp\/v2\/types\/post"}],"author":[{"embeddable":true,"href":"https:\/\/derechosinfronteras.pe\/ingles\/wp-json\/wp\/v2\/users\/1"}],"replies":[{"embeddable":true,"href":"https:\/\/derechosinfronteras.pe\/ingles\/wp-json\/wp\/v2\/comments?post=8477"}],"version-history":[{"count":7,"href":"https:\/\/derechosinfronteras.pe\/ingles\/wp-json\/wp\/v2\/posts\/8477\/revisions"}],"predecessor-version":[{"id":8497,"href":"https:\/\/derechosinfronteras.pe\/ingles\/wp-json\/wp\/v2\/posts\/8477\/revisions\/8497"}],"wp:featuredmedia":[{"embeddable":true,"href":"https:\/\/derechosinfronteras.pe\/ingles\/wp-json\/wp\/v2\/media\/8478"}],"wp:attachment":[{"href":"https:\/\/derechosinfronteras.pe\/ingles\/wp-json\/wp\/v2\/media?parent=8477"}],"wp:term":[{"taxonomy":"category","embeddable":true,"href":"https:\/\/derechosinfronteras.pe\/ingles\/wp-json\/wp\/v2\/categories?post=8477"},{"taxonomy":"post_tag","embeddable":true,"href":"https:\/\/derechosinfronteras.pe\/ingles\/wp-json\/wp\/v2\/tags?post=8477"}],"curies":[{"name":"wp","href":"https:\/\/api.w.org\/{rel}","templated":true}]}}