{"id":8495,"date":"2025-06-03T13:20:48","date_gmt":"2025-06-03T18:20:48","guid":{"rendered":"https:\/\/derechosinfronteras.pe\/?p=8495"},"modified":"2025-06-03T15:41:56","modified_gmt":"2025-06-03T20:41:56","slug":"espinar-apuesta-por-la-defensa-del-agua-mas-de-20-monitores-y-monitoras-se-certifican-en-monitoreo-ambiental-comunitario","status":"publish","type":"post","link":"https:\/\/derechosinfronteras.pe\/ingles\/espinar-apuesta-por-la-defensa-del-agua-mas-de-20-monitores-y-monitoras-se-certifican-en-monitoreo-ambiental-comunitario\/","title":{"rendered":"Espinar apuesta por la defensa del agua: m\u00e1s de 20 monitores y monitoras se certifican en monitoreo ambiental comunitario"},"content":{"rendered":"<figure class=\"wp-block-image size-full\"><img fetchpriority=\"high\" decoding=\"async\" width=\"1000\" height=\"450\" src=\"https:\/\/derechosinfronteras.pe\/wp-content\/uploads\/2025\/06\/20250530_120026-2.jpg\" alt=\"\" class=\"wp-image-8504\" srcset=\"https:\/\/derechosinfronteras.pe\/wp-content\/uploads\/2025\/06\/20250530_120026-2.jpg 1000w, https:\/\/derechosinfronteras.pe\/wp-content\/uploads\/2025\/06\/20250530_120026-2-300x135.jpg 300w, https:\/\/derechosinfronteras.pe\/wp-content\/uploads\/2025\/06\/20250530_120026-2-768x346.jpg 768w\" sizes=\"(max-width: 1000px) 100vw, 1000px\" \/><figcaption class=\"wp-element-caption\">Monitore de la Asociaci\u00f3n de Vigilantes y Monitores Ambientales de Espinar (AVMAE) en cuenca Ca\u00f1ip\u00eda &#8211; Espinar<\/figcaption><\/figure>\n\n\n\n<p>En un contexto nacional marcado por el avance del extractivismo y el debilitamiento progresivo de la institucionalidad ambiental, la provincia de Espinar reafirma su compromiso con la defensa territorial y el derecho al agua. M\u00e1s de 20 monitores y monitoras ambientales comunitarios concluyeron exitosamente el proceso de certificaci\u00f3n en monitoreo f\u00edsico-qu\u00edmico y biol\u00f3gico (MIB) de calidad de agua.<\/p>\n\n\n\n<p>La jornada de formaci\u00f3n y certificaci\u00f3n fue organizada por la Asociaci\u00f3n de Vigilantes y Monitores Ambientales de Espinar (AVMAE), Derechos Humanos Sin Fronteras (DHSF) y Global Water Watch (GWW), y cont\u00f3 con la presencia de Sergio Ruiz, representante de GWW \u2013 Estados Unidos, quien estuvo a cargo del proceso de evaluaci\u00f3n y acreditaci\u00f3n.<\/p>\n\n\n\n<figure class=\"wp-block-image size-full\"><img decoding=\"async\" width=\"1000\" height=\"450\" src=\"https:\/\/derechosinfronteras.pe\/wp-content\/uploads\/2025\/06\/20250530_1400180-2.jpg\" alt=\"\" class=\"wp-image-8503\" srcset=\"https:\/\/derechosinfronteras.pe\/wp-content\/uploads\/2025\/06\/20250530_1400180-2.jpg 1000w, https:\/\/derechosinfronteras.pe\/wp-content\/uploads\/2025\/06\/20250530_1400180-2-300x135.jpg 300w, https:\/\/derechosinfronteras.pe\/wp-content\/uploads\/2025\/06\/20250530_1400180-2-768x346.jpg 768w\" sizes=\"(max-width: 1000px) 100vw, 1000px\" \/><figcaption class=\"wp-element-caption\">Certificaci\u00f3n por la Global Water Watch (GWW)<\/figcaption><\/figure>\n\n\n\n<p>Participaron mujeres, j\u00f3venes, estudiantes, comuneros y comuneras, quienes fortalecieron sus capacidades para realizar monitoreos independientes del recurso h\u00eddrico, combinando herramientas cient\u00edficas con conocimientos territoriales.<\/p>\n\n\n\n<p>Esta apuesta territorial por la vigilancia aut\u00f3noma y descentralizada responde a una creciente preocupaci\u00f3n por los impactos de la miner\u00eda y la falta de respuesta efectiva de los entes responsables. La ausencia de garant\u00edas efectivas para la protecci\u00f3n de fuentes h\u00eddricas ha llevado a las propias comunidades a asumir el rol de guardianas del agua.<\/p>\n\n\n\n<figure class=\"wp-block-gallery has-nested-images columns-default is-cropped wp-block-gallery-1 is-layout-flex wp-block-gallery-is-layout-flex\">\n<figure class=\"wp-block-image size-full\"><img decoding=\"async\" width=\"1000\" height=\"450\" data-id=\"8512\" src=\"https:\/\/derechosinfronteras.pe\/wp-content\/uploads\/2025\/06\/20250530_121547.jpg\" alt=\"\" class=\"wp-image-8512\" srcset=\"https:\/\/derechosinfronteras.pe\/wp-content\/uploads\/2025\/06\/20250530_121547.jpg 1000w, https:\/\/derechosinfronteras.pe\/wp-content\/uploads\/2025\/06\/20250530_121547-300x135.jpg 300w, https:\/\/derechosinfronteras.pe\/wp-content\/uploads\/2025\/06\/20250530_121547-768x346.jpg 768w\" sizes=\"(max-width: 1000px) 100vw, 1000px\" \/><\/figure>\n\n\n\n<figure class=\"wp-block-image size-large\"><img loading=\"lazy\" decoding=\"async\" width=\"1000\" height=\"450\" data-id=\"8500\" src=\"https:\/\/derechosinfronteras.pe\/wp-content\/uploads\/2025\/06\/20250530_120527.jpg\" alt=\"\" class=\"wp-image-8500\" srcset=\"https:\/\/derechosinfronteras.pe\/wp-content\/uploads\/2025\/06\/20250530_120527.jpg 1000w, https:\/\/derechosinfronteras.pe\/wp-content\/uploads\/2025\/06\/20250530_120527-300x135.jpg 300w, https:\/\/derechosinfronteras.pe\/wp-content\/uploads\/2025\/06\/20250530_120527-768x346.jpg 768w\" sizes=\"(max-width: 1000px) 100vw, 1000px\" \/><figcaption class=\"wp-element-caption\">Monitoreo de macroinvertebrados<\/figcaption><\/figure>\n<\/figure>\n\n\n\n<p>Desde las cuencas altoandinas de Espinar, el monitoreo ambiental comunitario no solo es una herramienta t\u00e9cnica, sino un ejercicio de ciudadan\u00eda activa que interpela el modelo de desarrollo extractivo vigente y exige el respeto por los derechos fundamentales.<\/p>\n\n\n\n<p><strong>Por Liliana Pe\u00f1a <\/strong><\/p>","protected":false},"excerpt":{"rendered":"<p>En un contexto nacional marcado por el avance del extractivismo y el debilitamiento progresivo de la institucionalidad ambiental, la provincia de Espinar reafirma su compromiso con la defensa territorial y el derecho al agua. M\u00e1s de 20 monitores y monitoras ambientales comunitarios concluyeron exitosamente el proceso de certificaci\u00f3n en monitoreo f\u00edsico-qu\u00edmico y biol\u00f3gico (MIB) de [&hellip;]<\/p>\n","protected":false},"author":1,"featured_media":8513,"comment_status":"open","ping_status":"open","sticky":false,"template":"","format":"standard","meta":{"_monsterinsights_skip_tracking":false,"_monsterinsights_sitenote_active":false,"_monsterinsights_sitenote_note":"","_monsterinsights_sitenote_category":0,"_jetpack_memberships_contains_paid_content":false,"footnotes":"","jetpack_publicize_message":"","jetpack_publicize_feature_enabled":true,"jetpack_social_post_already_shared":false,"jetpack_social_options":{"image_generator_settings":{"template":"highway","default_image_id":0,"font":"","enabled":false},"version":2}},"categories":[158],"tags":[62],"class_list":["post-8495","post","type-post","status-publish","format-standard","has-post-thumbnail","hentry","category-area-decma","tag-espinar"],"blocksy_meta":[],"jetpack_publicize_connections":[],"jetpack_featured_media_url":"https:\/\/derechosinfronteras.pe\/wp-content\/uploads\/2025\/06\/20250530_121547-1.jpg","jetpack_sharing_enabled":true,"jetpack_likes_enabled":true,"_links":{"self":[{"href":"https:\/\/derechosinfronteras.pe\/ingles\/wp-json\/wp\/v2\/posts\/8495","targetHints":{"allow":["GET"]}}],"collection":[{"href":"https:\/\/derechosinfronteras.pe\/ingles\/wp-json\/wp\/v2\/posts"}],"about":[{"href":"https:\/\/derechosinfronteras.pe\/ingles\/wp-json\/wp\/v2\/types\/post"}],"author":[{"embeddable":true,"href":"https:\/\/derechosinfronteras.pe\/ingles\/wp-json\/wp\/v2\/users\/1"}],"replies":[{"embeddable":true,"href":"https:\/\/derechosinfronteras.pe\/ingles\/wp-json\/wp\/v2\/comments?post=8495"}],"version-history":[{"count":7,"href":"https:\/\/derechosinfronteras.pe\/ingles\/wp-json\/wp\/v2\/posts\/8495\/revisions"}],"predecessor-version":[{"id":8523,"href":"https:\/\/derechosinfronteras.pe\/ingles\/wp-json\/wp\/v2\/posts\/8495\/revisions\/8523"}],"wp:featuredmedia":[{"embeddable":true,"href":"https:\/\/derechosinfronteras.pe\/ingles\/wp-json\/wp\/v2\/media\/8513"}],"wp:attachment":[{"href":"https:\/\/derechosinfronteras.pe\/ingles\/wp-json\/wp\/v2\/media?parent=8495"}],"wp:term":[{"taxonomy":"category","embeddable":true,"href":"https:\/\/derechosinfronteras.pe\/ingles\/wp-json\/wp\/v2\/categories?post=8495"},{"taxonomy":"post_tag","embeddable":true,"href":"https:\/\/derechosinfronteras.pe\/ingles\/wp-json\/wp\/v2\/tags?post=8495"}],"curies":[{"name":"wp","href":"https:\/\/api.w.org\/{rel}","templated":true}]}}