{"id":8521,"date":"2025-06-06T15:03:17","date_gmt":"2025-06-06T20:03:17","guid":{"rendered":"https:\/\/derechosinfronteras.pe\/?p=8521"},"modified":"2025-06-06T15:14:53","modified_gmt":"2025-06-06T20:14:53","slug":"espinar-alza-su-voz-por-justicia-ambiental-y-salud-digna-en-el-dia-mundial-del-medio-ambiente","status":"publish","type":"post","link":"https:\/\/derechosinfronteras.pe\/ingles\/espinar-alza-su-voz-por-justicia-ambiental-y-salud-digna-en-el-dia-mundial-del-medio-ambiente\/","title":{"rendered":"Espinar alza su voz por justicia ambiental y salud digna en el D\u00eda Mundial del Medio Ambiente"},"content":{"rendered":"<p><span style=\"color: #000000;\" class=\"stk-highlight\">En conmemoraci\u00f3n del D\u00eda Mundial del Medio Ambiente, integrantes de la Plataforma de Afectados por Metales de Espinar (PAMETEC) y la Asociaci\u00f3n de Vigilantes y Monitores Ambientales de Espinar (AVMAE) realizaron un pasacalle de sensibilizaci\u00f3n e informaci\u00f3n ambiental en la capital provincial, reafirmando su derecho a la vida, la salud y un ambiente libre de contaminaci\u00f3n.<\/span><\/p>\n\n\n\n<figure class=\"wp-block-image size-full\"><img fetchpriority=\"high\" decoding=\"async\" width=\"1000\" height=\"450\" src=\"https:\/\/derechosinfronteras.pe\/wp-content\/uploads\/2025\/06\/WhatsApp-Image-2025-06-05-at-10.37.40-AM-1.jpg\" alt=\"\" class=\"wp-image-8531\" srcset=\"https:\/\/derechosinfronteras.pe\/wp-content\/uploads\/2025\/06\/WhatsApp-Image-2025-06-05-at-10.37.40-AM-1.jpg 1000w, https:\/\/derechosinfronteras.pe\/wp-content\/uploads\/2025\/06\/WhatsApp-Image-2025-06-05-at-10.37.40-AM-1-300x135.jpg 300w, https:\/\/derechosinfronteras.pe\/wp-content\/uploads\/2025\/06\/WhatsApp-Image-2025-06-05-at-10.37.40-AM-1-768x346.jpg 768w\" sizes=\"(max-width: 1000px) 100vw, 1000px\" \/><\/figure>\n\n\n\n<p><span style=\"color: #000000;\" class=\"stk-highlight\">La jornada fue una expresi\u00f3n de denuncia colectiva frente a la hist\u00f3rica vulneraci\u00f3n de derechos que enfrentan las comunidades expuestas a metales pesados y otras sustancias t\u00f3xicas, consecuencia directa de las actividades extractivas en la zona. Durante la movilizaci\u00f3n, representantes de cinco comunidades hicieron visible la grave afectaci\u00f3n a su salud, su territorio y su calidad de vida, reclamando con firmeza justicia ambiental y reparaci\u00f3n integral.<\/span><\/p>\n\n\n\n<p><span style=\"color: #000000;\" class=\"stk-highlight\">La PAMETEC inform\u00f3 que contin\u00faa impulsando procesos de di\u00e1logo y articulaci\u00f3n a nivel local y nacional, exigiendo la implementaci\u00f3n efectiva del Plan Especial Multisectorial de Atenci\u00f3n a Personas Expuestas a Metales Pesados, Metaloides y Otras Sustancias T\u00f3xicas. En este sentido, el pasacalle no solo fue un acto de visibilizaci\u00f3n, sino tambi\u00e9n de exigencia concreta hacia las autoridades del Estado, quienes deben garantizar el acceso a atenci\u00f3n integral en salud y justicia ambiental para las poblaciones afectadas.<\/span><\/p>\n\n\n\n<figure class=\"wp-block-image size-full\"><img decoding=\"async\" width=\"1000\" height=\"450\" src=\"https:\/\/derechosinfronteras.pe\/wp-content\/uploads\/2025\/06\/WhatsApp-Image-2025-06-05-at-10.37.38-AM-1.jpg\" alt=\"\" class=\"wp-image-8529\" srcset=\"https:\/\/derechosinfronteras.pe\/wp-content\/uploads\/2025\/06\/WhatsApp-Image-2025-06-05-at-10.37.38-AM-1.jpg 1000w, https:\/\/derechosinfronteras.pe\/wp-content\/uploads\/2025\/06\/WhatsApp-Image-2025-06-05-at-10.37.38-AM-1-300x135.jpg 300w, https:\/\/derechosinfronteras.pe\/wp-content\/uploads\/2025\/06\/WhatsApp-Image-2025-06-05-at-10.37.38-AM-1-768x346.jpg 768w\" sizes=\"(max-width: 1000px) 100vw, 1000px\" \/><\/figure>\n\n\n\n<p><span style=\"color: #000000;\" class=\"stk-highlight\">Tras la movilizaci\u00f3n, la plataforma se reuni\u00f3 para fortalecer su planificaci\u00f3n organizativa y avanzar en procesos internos de formaci\u00f3n en salud mental comunitaria y liderazgo colectivo. Estas acciones son clave frente a la desprotecci\u00f3n estatal persistente, especialmente considerando que, seg\u00fan informaci\u00f3n oficial de la GERESA Cusco, el 81% de la poblaci\u00f3n de Espinar se encuentra en riesgo de exposici\u00f3n a metales pesados.<\/span><\/p>\n\n\n\n<figure class=\"wp-block-gallery has-nested-images columns-default is-cropped wp-block-gallery-1 is-layout-flex wp-block-gallery-is-layout-flex\">\n<figure class=\"wp-block-image size-large\"><img decoding=\"async\" width=\"1000\" height=\"450\" data-id=\"8525\" src=\"https:\/\/derechosinfronteras.pe\/wp-content\/uploads\/2025\/06\/WhatsApp-Image-2025-06-05-at-10.37.33-AM.jpg\" alt=\"\" class=\"wp-image-8525\" srcset=\"https:\/\/derechosinfronteras.pe\/wp-content\/uploads\/2025\/06\/WhatsApp-Image-2025-06-05-at-10.37.33-AM.jpg 1000w, https:\/\/derechosinfronteras.pe\/wp-content\/uploads\/2025\/06\/WhatsApp-Image-2025-06-05-at-10.37.33-AM-300x135.jpg 300w, https:\/\/derechosinfronteras.pe\/wp-content\/uploads\/2025\/06\/WhatsApp-Image-2025-06-05-at-10.37.33-AM-768x346.jpg 768w\" sizes=\"(max-width: 1000px) 100vw, 1000px\" \/><\/figure>\n\n\n\n<figure class=\"wp-block-image size-large\"><img loading=\"lazy\" decoding=\"async\" width=\"1000\" height=\"450\" data-id=\"8526\" src=\"https:\/\/derechosinfronteras.pe\/wp-content\/uploads\/2025\/06\/WhatsApp-Image-2025-06-05-at-10.37.41-AM.jpg\" alt=\"\" class=\"wp-image-8526\" srcset=\"https:\/\/derechosinfronteras.pe\/wp-content\/uploads\/2025\/06\/WhatsApp-Image-2025-06-05-at-10.37.41-AM.jpg 1000w, https:\/\/derechosinfronteras.pe\/wp-content\/uploads\/2025\/06\/WhatsApp-Image-2025-06-05-at-10.37.41-AM-300x135.jpg 300w, https:\/\/derechosinfronteras.pe\/wp-content\/uploads\/2025\/06\/WhatsApp-Image-2025-06-05-at-10.37.41-AM-768x346.jpg 768w\" sizes=\"(max-width: 1000px) 100vw, 1000px\" \/><\/figure>\n\n\n\n<figure class=\"wp-block-image size-large\"><img loading=\"lazy\" decoding=\"async\" width=\"1000\" height=\"450\" data-id=\"8527\" src=\"https:\/\/derechosinfronteras.pe\/wp-content\/uploads\/2025\/06\/WhatsApp-Image-2025-06-05-at-10.51.32-AM.jpg\" alt=\"\" class=\"wp-image-8527\" srcset=\"https:\/\/derechosinfronteras.pe\/wp-content\/uploads\/2025\/06\/WhatsApp-Image-2025-06-05-at-10.51.32-AM.jpg 1000w, https:\/\/derechosinfronteras.pe\/wp-content\/uploads\/2025\/06\/WhatsApp-Image-2025-06-05-at-10.51.32-AM-300x135.jpg 300w, https:\/\/derechosinfronteras.pe\/wp-content\/uploads\/2025\/06\/WhatsApp-Image-2025-06-05-at-10.51.32-AM-768x346.jpg 768w\" sizes=\"(max-width: 1000px) 100vw, 1000px\" \/><\/figure>\n<\/figure>\n\n\n\n<p><span style=\"color: #000000;\" class=\"stk-highlight\">Por su parte, la Asociaci\u00f3n de Vigilantes y Monitores Ambientales de Espinar \u2013 AVAME, destac\u00f3 la importancia del monitoreo ambiental comunitario como un ejercicio leg\u00edtimo de defensa del territorio y del derecho a un ambiente sano. AVMAE est\u00e1 conformada por j\u00f3venes, se\u00f1oritas, mujeres, ni\u00f1os, comuneros y comuneras de diversos sectores de la provincia, quienes, preocupados por la situaci\u00f3n ambiental que enfrentan sus comunidades, participan activamente en acciones de vigilancia, monitoreo del agua y protecci\u00f3n de ecosistemas. Recientemente, sus integrantes culminaron un proceso de certificaci\u00f3n en monitoreo ambiental comunitario, lo que fortalece sus capacidades t\u00e9cnicas para actuar ante los impactos de la actividad extractiva y promover una gesti\u00f3n ambiental con justicia y participaci\u00f3n.<\/span><\/p>\n\n\n\n<figure class=\"wp-block-image size-full\"><img loading=\"lazy\" decoding=\"async\" width=\"1000\" height=\"750\" src=\"https:\/\/derechosinfronteras.pe\/wp-content\/uploads\/2025\/06\/20250605_115315.jpg\" alt=\"\" class=\"wp-image-8530\" srcset=\"https:\/\/derechosinfronteras.pe\/wp-content\/uploads\/2025\/06\/20250605_115315.jpg 1000w, https:\/\/derechosinfronteras.pe\/wp-content\/uploads\/2025\/06\/20250605_115315-300x225.jpg 300w, https:\/\/derechosinfronteras.pe\/wp-content\/uploads\/2025\/06\/20250605_115315-768x576.jpg 768w\" sizes=\"(max-width: 1000px) 100vw, 1000px\" \/><\/figure>\n\n\n\n<p><span style=\"color: #000000;\" class=\"stk-highlight\">Este acto de resistencia pac\u00edfica reafirma la autodeterminaci\u00f3n de las comunidades de Espinar, que d\u00eda a d\u00eda reafirman su derecho a la vida digna, al territorio y al ambiente sano. En esta fecha emblem\u00e1tica, su mensaje resuena con fuerza: no hay justicia ambiental sin derechos humanos. Su lucha es leg\u00edtima, su voz es colectiva, y su defensa de la Madre Tierra contin\u00faa siendo una prioridad que interpela al Estado y a toda la sociedad.<\/span><\/p>\n\n\n\n<p><strong>Por Liliana Pe\u00f1a<\/strong><\/p>","protected":false},"excerpt":{"rendered":"<p>En conmemoraci\u00f3n del D\u00eda Mundial del Medio Ambiente, integrantes de la Plataforma de Afectados por Metales de Espinar (PAMETEC) y la Asociaci\u00f3n de Vigilantes y Monitores Ambientales de Espinar (AVMAE) realizaron un pasacalle de sensibilizaci\u00f3n e informaci\u00f3n ambiental en la capital provincial, reafirmando su derecho a la vida, la salud y un ambiente libre de [&hellip;]<\/p>\n","protected":false},"author":1,"featured_media":8531,"comment_status":"open","ping_status":"open","sticky":false,"template":"","format":"standard","meta":{"_monsterinsights_skip_tracking":false,"_monsterinsights_sitenote_active":false,"_monsterinsights_sitenote_note":"","_monsterinsights_sitenote_category":0,"_jetpack_memberships_contains_paid_content":false,"footnotes":"","jetpack_publicize_message":"","jetpack_publicize_feature_enabled":true,"jetpack_social_post_already_shared":false,"jetpack_social_options":{"image_generator_settings":{"template":"highway","default_image_id":0,"font":"","enabled":false},"version":2}},"categories":[158],"tags":[],"class_list":["post-8521","post","type-post","status-publish","format-standard","has-post-thumbnail","hentry","category-area-decma"],"blocksy_meta":[],"jetpack_publicize_connections":[],"jetpack_featured_media_url":"https:\/\/derechosinfronteras.pe\/wp-content\/uploads\/2025\/06\/WhatsApp-Image-2025-06-05-at-10.37.40-AM-1.jpg","jetpack_sharing_enabled":true,"jetpack_likes_enabled":true,"_links":{"self":[{"href":"https:\/\/derechosinfronteras.pe\/ingles\/wp-json\/wp\/v2\/posts\/8521","targetHints":{"allow":["GET"]}}],"collection":[{"href":"https:\/\/derechosinfronteras.pe\/ingles\/wp-json\/wp\/v2\/posts"}],"about":[{"href":"https:\/\/derechosinfronteras.pe\/ingles\/wp-json\/wp\/v2\/types\/post"}],"author":[{"embeddable":true,"href":"https:\/\/derechosinfronteras.pe\/ingles\/wp-json\/wp\/v2\/users\/1"}],"replies":[{"embeddable":true,"href":"https:\/\/derechosinfronteras.pe\/ingles\/wp-json\/wp\/v2\/comments?post=8521"}],"version-history":[{"count":1,"href":"https:\/\/derechosinfronteras.pe\/ingles\/wp-json\/wp\/v2\/posts\/8521\/revisions"}],"predecessor-version":[{"id":8532,"href":"https:\/\/derechosinfronteras.pe\/ingles\/wp-json\/wp\/v2\/posts\/8521\/revisions\/8532"}],"wp:featuredmedia":[{"embeddable":true,"href":"https:\/\/derechosinfronteras.pe\/ingles\/wp-json\/wp\/v2\/media\/8531"}],"wp:attachment":[{"href":"https:\/\/derechosinfronteras.pe\/ingles\/wp-json\/wp\/v2\/media?parent=8521"}],"wp:term":[{"taxonomy":"category","embeddable":true,"href":"https:\/\/derechosinfronteras.pe\/ingles\/wp-json\/wp\/v2\/categories?post=8521"},{"taxonomy":"post_tag","embeddable":true,"href":"https:\/\/derechosinfronteras.pe\/ingles\/wp-json\/wp\/v2\/tags?post=8521"}],"curies":[{"name":"wp","href":"https:\/\/api.w.org\/{rel}","templated":true}]}}