{"id":8534,"date":"2025-07-08T13:07:54","date_gmt":"2025-07-08T18:07:54","guid":{"rendered":"https:\/\/derechosinfronteras.pe\/?p=8534"},"modified":"2025-07-08T13:11:41","modified_gmt":"2025-07-08T18:11:41","slug":"corte-idh-exige-al-estado-peruano-garantizar-el-derecho-de-las-victimas-a-ser-representadas-sin-sufrir-represalias","status":"publish","type":"post","link":"https:\/\/derechosinfronteras.pe\/ingles\/corte-idh-exige-al-estado-peruano-garantizar-el-derecho-de-las-victimas-a-ser-representadas-sin-sufrir-represalias\/","title":{"rendered":"Corte IDH exige al Estado peruano garantizar el derecho de las victimas a ser representadas sin sufrir represalias"},"content":{"rendered":"<p>En una nueva resoluci\u00f3n del caso Gamboa Garc\u00eda vs. Per\u00fa, la Corte Interamericana de Derechos Humanos resolvi\u00f3 que el Estado peruano debe garantizar que las v\u00edctimas de graves violaciones a los derechos humanos puedan seguir siendo representadas libremente por las organizaciones que las acompa\u00f1an, sin temor a sanciones o represalias.<\/p>\n\n\n\n<p>Esta decisi\u00f3n se da en el marco de las medidas provisionales solicitadas por APRODEH y COMISEDH el 7 de abril, ante el riesgo identificado por la Corte respecto a la posible aplicaci\u00f3n de la Ley N.\u00ba 32301 (Ley APCI) y su impacto en el acceso a la justicia.<\/p>\n\n\n\n<figure class=\"wp-block-gallery has-nested-images columns-default is-cropped wp-block-gallery-1 is-layout-flex wp-block-gallery-is-layout-flex\">\n<figure class=\"wp-block-image size-large\"><img fetchpriority=\"high\" decoding=\"async\" width=\"500\" height=\"500\" data-id=\"8537\" src=\"https:\/\/derechosinfronteras.pe\/wp-content\/uploads\/2025\/07\/artworks-000347118525-c7uvp3-t500x500.jpg\" alt=\"\" class=\"wp-image-8537\" srcset=\"https:\/\/derechosinfronteras.pe\/wp-content\/uploads\/2025\/07\/artworks-000347118525-c7uvp3-t500x500.jpg 500w, https:\/\/derechosinfronteras.pe\/wp-content\/uploads\/2025\/07\/artworks-000347118525-c7uvp3-t500x500-300x300.jpg 300w, https:\/\/derechosinfronteras.pe\/wp-content\/uploads\/2025\/07\/artworks-000347118525-c7uvp3-t500x500-150x150.jpg 150w\" sizes=\"(max-width: 500px) 100vw, 500px\" \/><\/figure>\n\n\n\n<figure class=\"wp-block-image size-large\"><img decoding=\"async\" width=\"767\" height=\"1000\" data-id=\"8538\" src=\"https:\/\/derechosinfronteras.pe\/wp-content\/uploads\/2025\/07\/PLANTILLA-2025-DHSF-1.jpg\" alt=\"\" class=\"wp-image-8538\" srcset=\"https:\/\/derechosinfronteras.pe\/wp-content\/uploads\/2025\/07\/PLANTILLA-2025-DHSF-1.jpg 767w, https:\/\/derechosinfronteras.pe\/wp-content\/uploads\/2025\/07\/PLANTILLA-2025-DHSF-1-230x300.jpg 230w\" sizes=\"(max-width: 767px) 100vw, 767px\" \/><figcaption class=\"wp-element-caption\">Resoluci\u00f3n de la Coerte IDH del caso Gamboa Garc\u00eda vs. Per\u00fa<\/figcaption><\/figure>\n<\/figure>\n\n\n\n<p><strong><span style=\"color: #000000;\" class=\"stk-highlight\">\u00bfQu\u00e9 dijo la Corte IDH?<\/span><\/strong><\/p>\n\n\n\n<ul class=\"wp-block-list\">\n<li>El Estado peruano deber\u00e1 garantizar que la representaci\u00f3n legal en favor de las v\u00edctimas pueda ejercerse libremente por COMISEDH y APRODEH en todas las etapas del proceso internacional, de modo que no se vean expuestos a ning\u00fan tipo de represalia por la Ley APCI (Ley N.\u00ba 32301).<\/li>\n\n\n\n<li><br>Que la posibilidad de sanciones podr\u00eda poner en riesgo el derecho de las v\u00edctimas a una defensa legal.<\/li>\n<\/ul>\n\n\n\n<ul class=\"wp-block-list\">\n<li>Reafirma que las v\u00edctimas tienen el derecho a elegir libremente quienes las representen ante el Sistema Interamericano.<\/li>\n<\/ul>\n\n\n\n<p><strong><span style=\"color: #000000;\" class=\"stk-highlight\">\u00bfQu\u00e9 es el caso Gamboa Garc\u00eda vs Per\u00fa? <\/span><\/strong><\/p>\n\n\n\n<p>Es un proceso que lleg\u00f3 a la Corte Interamericana de Derechos Humanos (Corte IDH) presentado por la Comisi\u00f3n Interamericana de Derechos Humanos y acompa\u00f1ara por organizaciones de derechos humanos COMISEDH y APRODEH en b\u00fasqueda de verdad, memoria, justicia y dignidad para Georgina Gamboa Garc\u00eda, mujer ind\u00edgena quechua, quien, con tan solo 17 a\u00f1os, fue detenida, torturada y fue v\u00edctima de violaci\u00f3n sexual por parte de agentes de la Polic\u00eda Nacional del Per\u00fa el pasado 17 de enero de 1981.<\/p>\n\n\n\n<p>Pese a las reiteradas denuncias ante diversas autoridades que hab\u00eda sufrido una violaci\u00f3n sexual grupal e inform\u00f3 que producto de la violaci\u00f3n sexual se encontraba embarazada. Su hija naci\u00f3 el 19 de octubre de 1981.<\/p>\n\n\n\n<div class=\"wp-block-cover\"><span aria-hidden=\"true\" class=\"wp-block-cover__background has-background-dim\"><\/span><img decoding=\"async\" width=\"499\" height=\"333\" class=\"wp-block-cover__image-background wp-image-8536\" alt=\"\" src=\"https:\/\/derechosinfronteras.pe\/wp-content\/uploads\/2025\/07\/georgina_gamboa_hija.png\" data-object-fit=\"cover\" srcset=\"https:\/\/derechosinfronteras.pe\/wp-content\/uploads\/2025\/07\/georgina_gamboa_hija.png 499w, https:\/\/derechosinfronteras.pe\/wp-content\/uploads\/2025\/07\/georgina_gamboa_hija-300x200.png 300w\" sizes=\"(max-width: 499px) 100vw, 499px\" \/><div class=\"wp-block-cover__inner-container is-layout-flow wp-block-cover-is-layout-flow\">\n<p class=\"has-text-align-center has-large-font-size\">Georgina Gamboa Garc\u00eda, mujer ind\u00edgena quechua de Ayacucho, Per\u00fa<\/p>\n<\/div><\/div>\n\n\n\n<p>Los hechos ocurrieron durante los operativos de la Comandancia de la Guardia Civil de L\u00ednea de Vilcashuam\u00e1n, departamento de Ayacucho. A pesar de las denuncias, el Estado peruano no investig\u00f3 ni sancion\u00f3 adecuadamente a los responsables, lo que constituye una violaci\u00f3n a sus derechos humanos.<\/p>\n\n\n\n<p>Hoy, la Corte IDH ha tomado conocimiento de este caso de graves violaciones a los derechos de las mujeres, los pueblos ind\u00edgenas y las v\u00edctimas del conflicto armado. El Estado peruano debe responder por la vulneraci\u00f3n de su integridad, libertad, vida familiar y acceso a la justicia, conforme a la Convenci\u00f3n Americana de Derechos Humanos y la Convenci\u00f3n Interamericana para Prevenir, Sancionar y Erradicar la Violencia contra la Mujer, conocida como Convenci\u00f3n de Bel\u00e9m do Par\u00e1. Este caso representa la lucha de muchas mujeres ind\u00edgenas por verdad, memoria, justicia, reparaci\u00f3n y dignidad.<\/p>\n\n\n\n<p><strong>Por V\u00edctor Ligarda<\/strong><\/p>\n\n\n\n<p><\/p>","protected":false},"excerpt":{"rendered":"<p>Georgina Gamboa Garc\u00eda, mujer ind\u00edgena quechua de Ayacucho, Per\u00fa.<\/p>","protected":false},"author":1,"featured_media":8536,"comment_status":"open","ping_status":"open","sticky":false,"template":"","format":"standard","meta":{"_monsterinsights_skip_tracking":false,"_monsterinsights_sitenote_active":false,"_monsterinsights_sitenote_note":"","_monsterinsights_sitenote_category":0,"_jetpack_memberships_contains_paid_content":false,"footnotes":"","jetpack_publicize_message":"","jetpack_publicize_feature_enabled":true,"jetpack_social_post_already_shared":false,"jetpack_social_options":{"image_generator_settings":{"template":"highway","default_image_id":0,"font":"","enabled":false},"version":2}},"categories":[157],"tags":[],"class_list":["post-8534","post","type-post","status-publish","format-standard","has-post-thumbnail","hentry","category-area-de-comunicacion"],"blocksy_meta":[],"jetpack_publicize_connections":[],"jetpack_featured_media_url":"https:\/\/derechosinfronteras.pe\/wp-content\/uploads\/2025\/07\/georgina_gamboa_hija.png","jetpack_sharing_enabled":true,"jetpack_likes_enabled":true,"_links":{"self":[{"href":"https:\/\/derechosinfronteras.pe\/ingles\/wp-json\/wp\/v2\/posts\/8534","targetHints":{"allow":["GET"]}}],"collection":[{"href":"https:\/\/derechosinfronteras.pe\/ingles\/wp-json\/wp\/v2\/posts"}],"about":[{"href":"https:\/\/derechosinfronteras.pe\/ingles\/wp-json\/wp\/v2\/types\/post"}],"author":[{"embeddable":true,"href":"https:\/\/derechosinfronteras.pe\/ingles\/wp-json\/wp\/v2\/users\/1"}],"replies":[{"embeddable":true,"href":"https:\/\/derechosinfronteras.pe\/ingles\/wp-json\/wp\/v2\/comments?post=8534"}],"version-history":[{"count":3,"href":"https:\/\/derechosinfronteras.pe\/ingles\/wp-json\/wp\/v2\/posts\/8534\/revisions"}],"predecessor-version":[{"id":8541,"href":"https:\/\/derechosinfronteras.pe\/ingles\/wp-json\/wp\/v2\/posts\/8534\/revisions\/8541"}],"wp:featuredmedia":[{"embeddable":true,"href":"https:\/\/derechosinfronteras.pe\/ingles\/wp-json\/wp\/v2\/media\/8536"}],"wp:attachment":[{"href":"https:\/\/derechosinfronteras.pe\/ingles\/wp-json\/wp\/v2\/media?parent=8534"}],"wp:term":[{"taxonomy":"category","embeddable":true,"href":"https:\/\/derechosinfronteras.pe\/ingles\/wp-json\/wp\/v2\/categories?post=8534"},{"taxonomy":"post_tag","embeddable":true,"href":"https:\/\/derechosinfronteras.pe\/ingles\/wp-json\/wp\/v2\/tags?post=8534"}],"curies":[{"name":"wp","href":"https:\/\/api.w.org\/{rel}","templated":true}]}}