{"id":8630,"date":"2025-08-13T12:49:13","date_gmt":"2025-08-13T17:49:13","guid":{"rendered":"https:\/\/derechosinfronteras.pe\/?p=8630"},"modified":"2025-08-15T17:48:49","modified_gmt":"2025-08-15T22:48:49","slug":"%f0%9d%90%82%f0%9d%90%9a%f0%9d%90%9b%f0%9d%90%9e%f0%9d%90%9c%f0%9d%90%9e%f0%9d%90%ab%f0%9d%90%9a-%f0%9d%90%9d%f0%9d%90%9e-%f0%9d%90%9c%f0%9d%90%ae%f0%9d%90%9e%f0%9d%90%a7%f0%9d%90%9c%f0%9d%90%9a","status":"publish","type":"post","link":"https:\/\/derechosinfronteras.pe\/ingles\/%f0%9d%90%82%f0%9d%90%9a%f0%9d%90%9b%f0%9d%90%9e%f0%9d%90%9c%f0%9d%90%9e%f0%9d%90%ab%f0%9d%90%9a-%f0%9d%90%9d%f0%9d%90%9e-%f0%9d%90%9c%f0%9d%90%ae%f0%9d%90%9e%f0%9d%90%a7%f0%9d%90%9c%f0%9d%90%9a\/","title":{"rendered":"Cabecera de cuenca en riesgo por Cianuracion"},"content":{"rendered":"<p><strong><em>\u00abCuando el oro vale m\u00e1s que el agua: Proyecto minero Crespo aprobado sin garant\u00edas ambientales y con vac\u00edos t\u00e9cnicos en la cabecera de cuenca del Apu Curasma\u00bb<\/em><\/strong><\/p>\n\n\n\n<ol class=\"wp-block-list\">\n<li>Detr\u00e1s del Proyecto minero Crespo: Cabecera de cuenca en riesgo de desaparici\u00f3n por<br>incumplimiento de est\u00e1ndares ambientales.<\/li>\n<\/ol>\n\n\n\n<!--more-->\n\n\n\n<p>El Proyecto Minero Crespo fue promovido por la Compa\u00f1\u00eda Minera Ares S.A.C. y aprobado mediante la Resoluci\u00f3n Directoral N.\u00ba 247-2013-MEM\/AAM, emitida el 12 de julio de 2013 por el Ministerio de Energ\u00eda y Minas (MINEM). Este proyecto, de tipo tajo abierto se encuentra ubicado en el territorio de la comunidad originaria de Collpa Ccasahui, distrito de Santo Tom\u00e1s, provincia de Chumbivilcas, regi\u00f3n Cusco. Fue autorizado sin estudios hidrogeol\u00f3gicos, sin una caracterizaci\u00f3n completa de los riesgos por drenaje \u00e1cido y en una zona reconocida como cabecera de cuenca, lo que agrava su impacto potencial sobre derechos fundamentales como el acceso al agua potable, a un medio ambiente equilibrado, sano y saludable, as\u00ed como una vida digna.<br>Desde una perspectiva jur\u00eddica, el proyecto Crespo revela vulneraciones estructurales al marco constitucional y ambiental vigente. Entre ellas, destaca la aprobaci\u00f3n de un Estudio de Impacto Ambiental con omisiones t\u00e9cnicas sustanciales, la suscripci\u00f3n de un contrato de servidumbre con cl\u00e1usulas desproporcionadas y posibles vicios de consentimiento, as\u00ed como la ausencia de medidas preventivas por parte del Estado frente a un proyecto que compromete ecosistemas estrat\u00e9gicos, como el glaciar Apu Inticurasma.<br>Adem\u00e1s, se han identificado irregularidades en el componente de participaci\u00f3n ciudadana, poniendo en cuesti\u00f3n la legitimidad del procedimiento administrativo seguido. Destaca tambi\u00e9n la violaci\u00f3n al derecho a la consulta previa de las comunidades por su car\u00e1cter originario.<\/p>\n\n\n\n<figure class=\"wp-block-image size-full is-resized\"><img fetchpriority=\"high\" decoding=\"async\" width=\"1000\" height=\"451\" src=\"https:\/\/derechosinfronteras.pe\/wp-content\/uploads\/2025\/08\/3-1.jpg\" alt=\"\" class=\"wp-image-8632\" style=\"width:747px;height:auto\" srcset=\"https:\/\/derechosinfronteras.pe\/wp-content\/uploads\/2025\/08\/3-1.jpg 1000w, https:\/\/derechosinfronteras.pe\/wp-content\/uploads\/2025\/08\/3-1-300x135.jpg 300w, https:\/\/derechosinfronteras.pe\/wp-content\/uploads\/2025\/08\/3-1-768x346.jpg 768w\" sizes=\"(max-width: 1000px) 100vw, 1000px\" \/><\/figure>\n\n\n\n<p><br>El Grupo Apumayo es un conglomerado empresarial peruano dedicado a la exploraci\u00f3n y explotaci\u00f3n de minerales preciosos, especialmente oro y plata. Actualmente su gerente general corporativo es Guillermo Shinno Huamani, quien entre 2012 y 2017, durante el gobierno de Ollanta Humala e inicios del mandato de Pedro Pablo Kuczynski, fue viceministro de Minas y, en 2011, jefe de la Direcci\u00f3n General de Miner\u00eda -DGM, oficina clave para la ampliaci\u00f3n de los Planes de Cierre de Minas. Durante su gesti\u00f3n en el Ministerio de Energ\u00eda y Minas, se aprobaron planes de cierre para varias unidades mineras, inclu\u00edan medidas de mitigaci\u00f3n ambiental, contemplando remediaci\u00f3n de suelos, tratamiento de aguas contaminadas y desmantelamiento de infraestructura minera, extendiendo as\u00ed el cierre de minas.<br>El Estudio de Impacto Ambiental del proyecto Crespo, es aprobado en el a\u00f1o 2013, coincidiendo con el periodo en que el gerente general del Grupo Apumayo, ejerc\u00eda el cargo de viceministro de Minas. Actualmente el Grupo Apumayo tiene seis proyectos en exploraci\u00f3n ubicados en Ayacucho, Moquegua y Cusco. Actualmente el ingeniero Edgardo Orderique fue designado gerente general del proyecto minero Crespo.<br>En 1995, Suthwestern Gold Corporation identific\u00f3 el Proyecto Crespo como \u00e1rea de inter\u00e9s, inicialmente denominado Proyecto Liam. Posteriormentese estableci\u00f3 un joint venture (empresa conjunta o alianza estrat\u00e9gica) con Cominco Limited y Teck Corporation. En 1995 y 1996 se adjudicaron dos concesiones con una extensi\u00f3n de 1,600 ha (Liam II y Liam III), y en 1997 se adjudicaron 3,400 ha adicionales, hacia el Este, sumando un total de 5,000 ha. En junio de 2002, Teck Corporation dio por conlcuido el joint venture y liber\u00f3 las concesiones adicionales equivalente a 3,400 ha, por lo que la minera Suthwestern present\u00f3 nuevos petitorios sobre la misma \u00e1rea. A su vez en 2003, Newmont Per\u00fa S.R.L. se convierti\u00f3 en el \u00faltimo operador.<br>En 2008, Newmont Per\u00fa S.R.L. transfieri\u00f3 a la Compa\u00f1\u00eda Minera Ares S.A.C. las concesiones mineras Crespo 1, Crespo 2, Crespo 3, LIAM II y Liam III. En Per\u00fa, la Minera Ares S.A.C. opera bajo la direcci\u00f3n de Hochschild Mining PLC. En 2024 Kina Mining Per\u00fa S.A.C. del grupo Apumayo, adquiri\u00f3 el proyecto minero Crespo con EIA aprobado, dando lugar a la Compa\u00f1\u00eda Minera Crespo.<\/p>\n\n\n\n<p>Escribre: <strong>Yudith Conto<\/strong><\/p>","protected":false},"excerpt":{"rendered":"<p>\u00abCuando el oro vale m\u00e1s que el agua: Proyecto minero Crespo aprobado sin garant\u00edas ambientales y con vac\u00edos t\u00e9cnicos en la cabecera de cuenca del Apu Curasma\u00bb<\/p>","protected":false},"author":1,"featured_media":8632,"comment_status":"open","ping_status":"open","sticky":false,"template":"","format":"standard","meta":{"_monsterinsights_skip_tracking":false,"_monsterinsights_sitenote_active":false,"_monsterinsights_sitenote_note":"","_monsterinsights_sitenote_category":0,"_jetpack_memberships_contains_paid_content":false,"footnotes":"","jetpack_publicize_message":"","jetpack_publicize_feature_enabled":true,"jetpack_social_post_already_shared":false,"jetpack_social_options":{"image_generator_settings":{"template":"highway","default_image_id":0,"font":"","enabled":false},"version":2}},"categories":[1],"tags":[],"class_list":["post-8630","post","type-post","status-publish","format-standard","has-post-thumbnail","hentry","category-sin-categoria"],"blocksy_meta":[],"jetpack_publicize_connections":[],"jetpack_featured_media_url":"https:\/\/derechosinfronteras.pe\/wp-content\/uploads\/2025\/08\/3-1.jpg","jetpack_sharing_enabled":true,"jetpack_likes_enabled":true,"_links":{"self":[{"href":"https:\/\/derechosinfronteras.pe\/ingles\/wp-json\/wp\/v2\/posts\/8630","targetHints":{"allow":["GET"]}}],"collection":[{"href":"https:\/\/derechosinfronteras.pe\/ingles\/wp-json\/wp\/v2\/posts"}],"about":[{"href":"https:\/\/derechosinfronteras.pe\/ingles\/wp-json\/wp\/v2\/types\/post"}],"author":[{"embeddable":true,"href":"https:\/\/derechosinfronteras.pe\/ingles\/wp-json\/wp\/v2\/users\/1"}],"replies":[{"embeddable":true,"href":"https:\/\/derechosinfronteras.pe\/ingles\/wp-json\/wp\/v2\/comments?post=8630"}],"version-history":[{"count":3,"href":"https:\/\/derechosinfronteras.pe\/ingles\/wp-json\/wp\/v2\/posts\/8630\/revisions"}],"predecessor-version":[{"id":8819,"href":"https:\/\/derechosinfronteras.pe\/ingles\/wp-json\/wp\/v2\/posts\/8630\/revisions\/8819"}],"wp:featuredmedia":[{"embeddable":true,"href":"https:\/\/derechosinfronteras.pe\/ingles\/wp-json\/wp\/v2\/media\/8632"}],"wp:attachment":[{"href":"https:\/\/derechosinfronteras.pe\/ingles\/wp-json\/wp\/v2\/media?parent=8630"}],"wp:term":[{"taxonomy":"category","embeddable":true,"href":"https:\/\/derechosinfronteras.pe\/ingles\/wp-json\/wp\/v2\/categories?post=8630"},{"taxonomy":"post_tag","embeddable":true,"href":"https:\/\/derechosinfronteras.pe\/ingles\/wp-json\/wp\/v2\/tags?post=8630"}],"curies":[{"name":"wp","href":"https:\/\/api.w.org\/{rel}","templated":true}]}}