{"id":8821,"date":"2025-08-15T17:53:09","date_gmt":"2025-08-15T22:53:09","guid":{"rendered":"https:\/\/derechosinfronteras.pe\/?p=8821"},"modified":"2025-08-15T17:53:37","modified_gmt":"2025-08-15T22:53:37","slug":"amnistia-o-impunidad-cientos-de-policias-y-militares-acusados-de-violaciones-de-derechos-humanos-entre-1980-y-2000-quedaran-sin-ser-juzgados","status":"publish","type":"post","link":"https:\/\/derechosinfronteras.pe\/ingles\/amnistia-o-impunidad-cientos-de-policias-y-militares-acusados-de-violaciones-de-derechos-humanos-entre-1980-y-2000-quedaran-sin-ser-juzgados\/","title":{"rendered":"\u00bfAmnistia o impunidad? Cientos de policias y militares acusados de violaciones de derechos humanos entre 1980 y 2000 quedaran sin ser juzgados"},"content":{"rendered":"<p><em>La reciente ley de amnist\u00eda aprobada en el Per\u00fa beneficia a miembros de las Fuerzas Armadas, Polic\u00eda Nacional y comit\u00e9s de autodefensa acusados de violaciones de derechos humanos durante el conflicto armado interno.<\/em><\/p>\n\n\n\n<div class=\"wp-block-stackable-image stk-block-image stk-block stk-842bc52\" data-block-id=\"842bc52\"><style>.stk-842bc52 .stk-img-wrapper{width:750px !important;height:426px !important;}<\/style><figure><span class=\"stk-img-wrapper stk-image--shape-stretch\"><img fetchpriority=\"high\" decoding=\"async\" class=\"stk-img wp-image-8811\" src=\"https:\/\/derechosinfronteras.pe\/wp-content\/uploads\/2025\/08\/af9cec40-78c6-11f0-a20f-3b86f375586a.jpg.webp\" width=\"640\" height=\"426\" srcset=\"https:\/\/derechosinfronteras.pe\/wp-content\/uploads\/2025\/08\/af9cec40-78c6-11f0-a20f-3b86f375586a.jpg.webp 640w, https:\/\/derechosinfronteras.pe\/wp-content\/uploads\/2025\/08\/af9cec40-78c6-11f0-a20f-3b86f375586a.jpg-300x200.webp 300w\" sizes=\"(max-width: 640px) 100vw, 640px\" \/><\/span><\/figure><\/div>\n\n\n\n<p>La reciente ley de amnist\u00eda aprobada en el Per\u00fa beneficia a miembros de las Fuerzas Armadas, Polic\u00eda Nacional y comit\u00e9s de autodefensa acusados de violaciones de derechos humanos durante el conflicto armado interno.<\/p>\n\n\n\n<p>\u00bfQu\u00e9 pasar\u00e1 con el derecho de las v\u00edctimas a la verdad, la justicia y la reparaci\u00f3n?<\/p>\n\n\n\n<p>La presidenta de la <a><\/a>Rep\u00fablica, Dina Boluarte, promulg\u00f3 la norma que concede amnist\u00eda a polic\u00edas, militares y miembros de comit\u00e9s de autodefensa denunciados, investigados o procesados por violaciones de derechos humanos cometidas entre 1980 y 2000. La medida fue aprobada por el Congreso el pasado 9 de julio, contenida en el Proyecto de Ley 7549\/2023-CR, y alcanza incluso a delitos calificados como de lesa humanidad.<\/p>\n\n\n\n<p>\u00bfA qui\u00e9nes beneficia?<\/p>\n\n\n\n<p>Favorece a agentes condenados o acusados por graves violaciones, contradice resoluciones vinculantes de la Corte Interamericana de Derechos Humanos y debilita los avances logrados en materia de justicia transicional. Estos retrocesos ponen en riesgo las garant\u00edas de no repetici\u00f3n y el cumplimiento de los est\u00e1ndares internacionales que protegen a las v\u00edctimas.<\/p>\n\n\n\n<p>Desde Derechos Humanos Sin Fronteras alertamos que esta ley representa un grave retroceso en la protecci\u00f3n y garant\u00eda de los derechos humanos en el pa\u00eds. Su aplicaci\u00f3n podr\u00eda consolidar la impunidad en casos emblem\u00e1ticos, debilitar la independencia judicial y desconocer las obligaciones internacionales asumidas por el Estado peruano. Recordamos que los cr\u00edmenes de lesa humanidad son imprescriptibles y no pueden ser objeto de amnist\u00eda.<\/p>\n\n\n\n<p>\u00bfQui\u00e9nes promovieron?<\/p>\n\n\n\n<p>La ley fue impulsada y aprobada con los votos de Fuerza Popular, liderada por Keiko Fujimori, hija del expresidente Alberto Fujimori, condenado por cr\u00edmenes contra los derechos humanos y corrupci\u00f3n durante su mandato.<\/p>\n\n\n\n<p>Riesgo de impunidad<\/p>\n\n\n\n<p>Organizaciones y familiares de las v\u00edctimas han iniciado protestas y acciones legales para frenar la aplicaci\u00f3n de la amnist\u00eda. La Corte IDH ha convocado a una audiencia p\u00fablica para el 21 de agosto, donde se escuchar\u00e1 a los familiares de las v\u00edctimas de Barrios Altos y La Cantuta, as\u00ed como al Estado peruano, para evaluar las implicancias de esta norma que, seg\u00fan especialistas, podr\u00eda consagrar la impunidad.<\/p>","protected":false},"excerpt":{"rendered":"<p>La reciente ley de amnist\u00eda aprobada en el Per\u00fa beneficia a miembros de las Fuerzas Armadas, Polic\u00eda Nacional y comit\u00e9s de autodefensa acusados de violaciones de derechos humanos durante el conflicto armado interno. La reciente ley de amnist\u00eda aprobada en el Per\u00fa beneficia a miembros de las Fuerzas Armadas, Polic\u00eda Nacional y comit\u00e9s de autodefensa [&hellip;]<\/p>\n","protected":false},"author":1,"featured_media":8811,"comment_status":"open","ping_status":"open","sticky":false,"template":"","format":"standard","meta":{"_monsterinsights_skip_tracking":false,"_monsterinsights_sitenote_active":false,"_monsterinsights_sitenote_note":"","_monsterinsights_sitenote_category":0,"_jetpack_memberships_contains_paid_content":false,"footnotes":"","jetpack_publicize_message":"","jetpack_publicize_feature_enabled":true,"jetpack_social_post_already_shared":false,"jetpack_social_options":{"image_generator_settings":{"template":"highway","default_image_id":0,"font":"","enabled":false},"version":2}},"categories":[186],"tags":[],"class_list":["post-8821","post","type-post","status-publish","format-standard","has-post-thumbnail","hentry","category-noticias"],"blocksy_meta":[],"jetpack_publicize_connections":[],"jetpack_featured_media_url":"https:\/\/derechosinfronteras.pe\/wp-content\/uploads\/2025\/08\/af9cec40-78c6-11f0-a20f-3b86f375586a.jpg.webp","jetpack_sharing_enabled":true,"jetpack_likes_enabled":true,"_links":{"self":[{"href":"https:\/\/derechosinfronteras.pe\/ingles\/wp-json\/wp\/v2\/posts\/8821","targetHints":{"allow":["GET"]}}],"collection":[{"href":"https:\/\/derechosinfronteras.pe\/ingles\/wp-json\/wp\/v2\/posts"}],"about":[{"href":"https:\/\/derechosinfronteras.pe\/ingles\/wp-json\/wp\/v2\/types\/post"}],"author":[{"embeddable":true,"href":"https:\/\/derechosinfronteras.pe\/ingles\/wp-json\/wp\/v2\/users\/1"}],"replies":[{"embeddable":true,"href":"https:\/\/derechosinfronteras.pe\/ingles\/wp-json\/wp\/v2\/comments?post=8821"}],"version-history":[{"count":1,"href":"https:\/\/derechosinfronteras.pe\/ingles\/wp-json\/wp\/v2\/posts\/8821\/revisions"}],"predecessor-version":[{"id":8822,"href":"https:\/\/derechosinfronteras.pe\/ingles\/wp-json\/wp\/v2\/posts\/8821\/revisions\/8822"}],"wp:featuredmedia":[{"embeddable":true,"href":"https:\/\/derechosinfronteras.pe\/ingles\/wp-json\/wp\/v2\/media\/8811"}],"wp:attachment":[{"href":"https:\/\/derechosinfronteras.pe\/ingles\/wp-json\/wp\/v2\/media?parent=8821"}],"wp:term":[{"taxonomy":"category","embeddable":true,"href":"https:\/\/derechosinfronteras.pe\/ingles\/wp-json\/wp\/v2\/categories?post=8821"},{"taxonomy":"post_tag","embeddable":true,"href":"https:\/\/derechosinfronteras.pe\/ingles\/wp-json\/wp\/v2\/tags?post=8821"}],"curies":[{"name":"wp","href":"https:\/\/api.w.org\/{rel}","templated":true}]}}