{"id":8878,"date":"2025-09-03T15:14:03","date_gmt":"2025-09-03T20:14:03","guid":{"rendered":"https:\/\/derechosinfronteras.pe\/?p=8878"},"modified":"2025-09-03T15:19:14","modified_gmt":"2025-09-03T20:19:14","slug":"la-iglesia-se-levanta-contra-la-ley-de-impunidad-disfrazada-de-amnistia-que-niega-verdad-y-justicia-en-el-peru","status":"publish","type":"post","link":"https:\/\/derechosinfronteras.pe\/ingles\/la-iglesia-se-levanta-contra-la-ley-de-impunidad-disfrazada-de-amnistia-que-niega-verdad-y-justicia-en-el-peru\/","title":{"rendered":"La Iglesia se levanta contra la \u201cley de impunidad disfrazada de amnist\u00eda\u201d que niega verdad y justicia en el Per\u00fa"},"content":{"rendered":"<p class=\"has-medium-font-size\"><em>La oposici\u00f3n a la ley de amnist\u00eda trasciende fronteras pol\u00edticas y religiosas. Los obispos se suman a la voz de organizaciones de derechos humanos que advierten: un pa\u00eds que legitima la impunidad rompe su compromiso con la memoria, la justicia y la dignidad humana.<\/em><\/p>\n\n\n\n<p class=\"has-medium-font-size\">La Iglesia tambi\u00e9n se alza contra la cuestionada ley de amnist\u00eda, promulgada por el r\u00e9gimen de Dina Boluarte, que busca liberar de responsabilidad a miembros de las Fuerzas Armadas, la Polic\u00eda Nacional y comit\u00e9s de autodefensa involucrados en graves violaciones de derechos humanos durante el conflicto armado interno.<\/p>\n\n\n\n<div class=\"wp-block-group is-nowrap is-layout-flex wp-container-core-group-is-layout-6c531013 wp-block-group-is-layout-flex\">\n<p class=\"has-medium-font-size\">Un grupo de 12 obispos peruanos, encabezados por el cardenal Carlos Castillo, ha publicado un pronunciamiento titulado \u201cAprendan a hacer el bien y busquen la justicia\u201d, donde advierten que esta medida no solo contraviene los est\u00e1ndares internacionales de derechos humanos, sino que constituye un retroceso hist\u00f3rico que niega la dignidad de las v\u00edctimas.<\/p>\n<\/div>\n\n\n\n<figure class=\"wp-block-image size-full\"><img fetchpriority=\"high\" decoding=\"async\" width=\"877\" height=\"494\" src=\"https:\/\/derechosinfronteras.pe\/wp-content\/uploads\/2025\/09\/Sin-titulo.jpg\" alt=\"\" class=\"wp-image-8879\" srcset=\"https:\/\/derechosinfronteras.pe\/wp-content\/uploads\/2025\/09\/Sin-titulo.jpg 877w, https:\/\/derechosinfronteras.pe\/wp-content\/uploads\/2025\/09\/Sin-titulo-300x169.jpg 300w, https:\/\/derechosinfronteras.pe\/wp-content\/uploads\/2025\/09\/Sin-titulo-768x433.jpg 768w\" sizes=\"(max-width: 877px) 100vw, 877px\" \/><\/figure>\n\n\n\n<p class=\"has-medium-font-size\">\u201cLa ley de amnist\u00eda niega la dignidad de la persona humana y su vida misma, y les resta gravedad a los delitos que con ensa\u00f1amiento se perpetraron contra seres humanos\u201d, se\u00f1alaron con firmeza.<\/p>\n\n\n\n<p class=\"has-medium-font-size\">Los obispos recordaron que defender la vida y la justicia no es una posici\u00f3n pol\u00edtica, sino un mandato humano y cristiano. Adem\u00e1s, exhortaron al Poder Judicial a ejercer control difuso e inaplicar la norma en defensa de los derechos fundamentales de las personas y de la sociedad.<\/p>\n\n\n\n<p class=\"has-medium-font-size\"><strong>Riesgo de impunidad<\/strong><\/p>\n\n\n\n<p class=\"has-medium-font-size\">La ley de amnist\u00eda incluye a personas mayores de 70 a\u00f1os, lo que beneficiar\u00eda a condenados por cr\u00edmenes de lesa humanidad. Seg\u00fan los obispos, esta disposici\u00f3n \u201calienta la impunidad frente a delitos de grave crueldad\u201d y desconoce el dolor de miles de v\u00edctimas que a\u00fan esperan verdad y justicia.<\/p>\n\n\n\n<p class=\"has-medium-font-size\">Organismos internacionales como la Corte Interamericana de Derechos Humanos y Amnist\u00eda Internacional tambi\u00e9n han alertado que el Per\u00fa, al aprobar esta norma, se aparta de sus obligaciones internacionales y abre la puerta a una impunidad institucionalizada.<\/p>\n\n\n\n<p><\/p>","protected":false},"excerpt":{"rendered":"<p>La oposici\u00f3n a la ley de amnist\u00eda trasciende fronteras pol\u00edticas y religiosas. Los obispos se suman a la voz de organizaciones de derechos humanos que advierten: un pa\u00eds que legitima la impunidad rompe su compromiso con la memoria, la justicia y la dignidad humana. La Iglesia tambi\u00e9n se alza contra la cuestionada ley de amnist\u00eda, [&hellip;]<\/p>\n","protected":false},"author":1,"featured_media":8879,"comment_status":"open","ping_status":"open","sticky":false,"template":"","format":"standard","meta":{"_monsterinsights_skip_tracking":false,"_monsterinsights_sitenote_active":false,"_monsterinsights_sitenote_note":"","_monsterinsights_sitenote_category":0,"_jetpack_memberships_contains_paid_content":false,"footnotes":"","jetpack_publicize_message":"","jetpack_publicize_feature_enabled":true,"jetpack_social_post_already_shared":false,"jetpack_social_options":{"image_generator_settings":{"template":"highway","default_image_id":0,"font":"","enabled":false},"version":2}},"categories":[186],"tags":[],"class_list":["post-8878","post","type-post","status-publish","format-standard","has-post-thumbnail","hentry","category-noticias"],"blocksy_meta":[],"jetpack_publicize_connections":[],"jetpack_featured_media_url":"https:\/\/derechosinfronteras.pe\/wp-content\/uploads\/2025\/09\/Sin-titulo.jpg","jetpack_sharing_enabled":true,"jetpack_likes_enabled":true,"_links":{"self":[{"href":"https:\/\/derechosinfronteras.pe\/ingles\/wp-json\/wp\/v2\/posts\/8878","targetHints":{"allow":["GET"]}}],"collection":[{"href":"https:\/\/derechosinfronteras.pe\/ingles\/wp-json\/wp\/v2\/posts"}],"about":[{"href":"https:\/\/derechosinfronteras.pe\/ingles\/wp-json\/wp\/v2\/types\/post"}],"author":[{"embeddable":true,"href":"https:\/\/derechosinfronteras.pe\/ingles\/wp-json\/wp\/v2\/users\/1"}],"replies":[{"embeddable":true,"href":"https:\/\/derechosinfronteras.pe\/ingles\/wp-json\/wp\/v2\/comments?post=8878"}],"version-history":[{"count":2,"href":"https:\/\/derechosinfronteras.pe\/ingles\/wp-json\/wp\/v2\/posts\/8878\/revisions"}],"predecessor-version":[{"id":8882,"href":"https:\/\/derechosinfronteras.pe\/ingles\/wp-json\/wp\/v2\/posts\/8878\/revisions\/8882"}],"wp:featuredmedia":[{"embeddable":true,"href":"https:\/\/derechosinfronteras.pe\/ingles\/wp-json\/wp\/v2\/media\/8879"}],"wp:attachment":[{"href":"https:\/\/derechosinfronteras.pe\/ingles\/wp-json\/wp\/v2\/media?parent=8878"}],"wp:term":[{"taxonomy":"category","embeddable":true,"href":"https:\/\/derechosinfronteras.pe\/ingles\/wp-json\/wp\/v2\/categories?post=8878"},{"taxonomy":"post_tag","embeddable":true,"href":"https:\/\/derechosinfronteras.pe\/ingles\/wp-json\/wp\/v2\/tags?post=8878"}],"curies":[{"name":"wp","href":"https:\/\/api.w.org\/{rel}","templated":true}]}}