{"id":8883,"date":"2025-09-09T11:44:39","date_gmt":"2025-09-09T16:44:39","guid":{"rendered":"https:\/\/derechosinfronteras.pe\/?p=8883"},"modified":"2025-09-09T11:44:39","modified_gmt":"2025-09-09T16:44:39","slug":"poder-judicial-rechaza-aplicar-ley-de-amnistia-a-8-militares-procesados-por-la-masacre-de-chumbivilcas","status":"publish","type":"post","link":"https:\/\/derechosinfronteras.pe\/ingles\/poder-judicial-rechaza-aplicar-ley-de-amnistia-a-8-militares-procesados-por-la-masacre-de-chumbivilcas\/","title":{"rendered":"Poder Judicial rechaza aplicar ley de amnist\u00eda a 8 militares procesados por la masacre de Chumbivilcas"},"content":{"rendered":"<p class=\"has-medium-font-size\"><em>El juez Leodan Crist\u00f3bal Ayala declar\u00f3 inconstitucional la Ley N\u00b0 32419 un caso que involucra torturas, violaciones y asesinatos de comuneros en abril de 1990. La decisi\u00f3n abre camino a la justicia frente a intentos de impunidad.<\/em><\/p>\n\n\n\n<p class=\"has-medium-font-size\">\u00bfQu\u00e9 ocurri\u00f3 en abril de 1990 en Chumbivilcas?<\/p>\n\n\n\n<p class=\"has-medium-font-size\">La masacre ocurri\u00f3 en abril de 1990 en la comunidad de Collpa Ccasahui, provincia de Chumbivilcas, regi\u00f3n Cusco, cuando una patrulla militar de la Base Contrasubversiva de Antabamba (Apur\u00edmac) detuvo a un grupo de campesinos acus\u00e1ndolos de pertenecer a grupos subversivos. Tras ser torturados, fueron conducidos semidesnudos y ensangrentados hasta el cerro Capollullo, donde fueron dinamitados y luego ejecutados con disparos para asegurar su muerte. Los hechos incluyeron detenciones arbitrarias, ejecuciones extrajudiciales, desapariciones forzadas y violencia sexual perpetrada por efectivos militares.<\/p>\n\n\n\n<p class=\"has-medium-font-size\">\u00bfQui\u00e9nes est\u00e1n procesados?<\/p>\n\n\n\n<p class=\"has-medium-font-size\">Ocho militares en retiro enfrentan cargos por estos hechos, y la Fiscal\u00eda pide para ellos 35 a\u00f1os de c\u00e1rcel:<\/p>\n\n\n\n<ol class=\"wp-block-list\">\n<li class=\"has-medium-font-size\">Jaime Manuel Pando Navarrete<\/li>\n<\/ol>\n\n\n\n<ul class=\"wp-block-list\">\n<li class=\"has-medium-font-size\">Alan Edwar Olivari Medina<\/li>\n<\/ul>\n\n\n\n<ul class=\"wp-block-list\">\n<li class=\"has-medium-font-size\">Mario Cruz Porcela<\/li>\n<\/ul>\n\n\n\n<ul class=\"wp-block-list\">\n<li class=\"has-medium-font-size\">Jos\u00e9 Santiago P\u00e9rez Quispe<\/li>\n<\/ul>\n\n\n\n<ul class=\"wp-block-list\">\n<li class=\"has-medium-font-size\">Felipe Monta\u00f1ez Ccama<\/li>\n<\/ul>\n\n\n\n<ul class=\"wp-block-list\">\n<li class=\"has-medium-font-size\">Beltr\u00e1n Tapia Carrasco<\/li>\n<\/ul>\n\n\n\n<ul class=\"wp-block-list\">\n<li class=\"has-medium-font-size\">Federico Cahuascanco Pucho<\/li>\n<\/ul>\n\n\n\n<ul class=\"wp-block-list\">\n<li class=\"has-medium-font-size\">Alberto Alvis Medina<\/li>\n<\/ul>\n\n\n\n<p class=\"has-medium-font-size\">\u00bfQu\u00e9 pas\u00f3 con la Ley de Amnist\u00eda?<\/p>\n\n\n\n<p class=\"has-medium-font-size\">En agosto de 2025, el Congreso aprob\u00f3 la Ley N\u00b0 32419, que buscaba otorgar una amnist\u00eda humanitaria a polic\u00edas y militares mayores de 70 a\u00f1os. Aunque la norma exclu\u00eda casos de terrorismo y corrupci\u00f3n, abr\u00eda la puerta a la impunidad en graves violaciones de derechos humanos.<\/p>\n\n\n\n<p class=\"has-medium-font-size\">Amparados en esta norma, las defensas de los ocho exmilitares pidieron acogerse al beneficio. Sin embargo, el Sexto Juzgado de Investigaci\u00f3n Preparatoria Nacional, a cargo del juez Leodan Crist\u00f3bal Ayala, declar\u00f3 infundada la solicitud.<\/p>\n\n\n\n<p class=\"has-medium-font-size\">El magistrado aplic\u00f3 control difuso y resolvi\u00f3 que la ley era \u201cinconstitucional y anticonvencional\u201d, pues vulnera derechos fundamentales como la verdad, la justicia y la reparaci\u00f3n de las v\u00edctimas.<\/p>\n\n\n\n<p class=\"has-medium-font-size\">\u00bfQu\u00e9 dice la justicia internacional?<\/p>\n\n\n\n<p class=\"has-medium-font-size\">La Corte Interamericana de Derechos Humanos tambi\u00e9n orden\u00f3 al Per\u00fa abstenerse de aplicar la Ley de Amnist\u00eda mientras analiza el caso de fondo, reforzando la obligaci\u00f3n del Estado de no consolidar impunidad en cr\u00edmenes de lesa humanidad.<\/p>\n\n\n\n<p class=\"has-medium-font-size\">\u00bfQu\u00e9 significa este fallo?<\/p>\n\n\n\n<p class=\"has-medium-font-size\">La decisi\u00f3n judicial no cierra el proceso, las defensas apelar\u00e1n y el caso seguir\u00e1 en debate. Sin embargo, representa un hito, los cr\u00edmenes cometidos en Chumbivilcas no pueden ser borrados con leyes que contradicen la Constituci\u00f3n y el derecho internacional.<\/p>\n\n\n\n<p class=\"has-medium-font-size\">El impacto de la impunidad<\/p>\n\n\n\n<p class=\"has-medium-font-size\">Cada intento de aplicar una amnist\u00eda profundiza la herida de las comunidades campesinas, que han esperado m\u00e1s de tres d\u00e9cadas por justicia. Recordar a las v\u00edctimas y las mujeres violentadas es un acto de memoria que exige garant\u00edas de no repetici\u00f3n.<\/p>\n\n\n\n<p class=\"has-medium-font-size\">El caso Chumbivilcas nos recuerda que la justicia no es negociable. sin verdad ni reparaci\u00f3n, la democracia se debilita y las v\u00edctimas vuelven a ser silenciadas.<\/p>","protected":false},"excerpt":{"rendered":"<p>El juez Leodan Crist\u00f3bal Ayala declar\u00f3 inconstitucional la Ley N\u00b0 32419 un caso que involucra torturas, violaciones y asesinatos de comuneros en abril de 1990. La decisi\u00f3n abre camino a la justicia frente a intentos de impunidad. \u00bfQu\u00e9 ocurri\u00f3 en abril de 1990 en Chumbivilcas? La masacre ocurri\u00f3 en abril de 1990 en la comunidad [&hellip;]<\/p>\n","protected":false},"author":1,"featured_media":8884,"comment_status":"open","ping_status":"open","sticky":false,"template":"","format":"standard","meta":{"_monsterinsights_skip_tracking":false,"_monsterinsights_sitenote_active":false,"_monsterinsights_sitenote_note":"","_monsterinsights_sitenote_category":0,"_jetpack_memberships_contains_paid_content":false,"footnotes":"","jetpack_publicize_message":"","jetpack_publicize_feature_enabled":true,"jetpack_social_post_already_shared":false,"jetpack_social_options":{"image_generator_settings":{"template":"highway","default_image_id":0,"font":"","enabled":false},"version":2}},"categories":[186],"tags":[],"class_list":["post-8883","post","type-post","status-publish","format-standard","has-post-thumbnail","hentry","category-noticias"],"blocksy_meta":[],"jetpack_publicize_connections":[],"jetpack_featured_media_url":"https:\/\/derechosinfronteras.pe\/wp-content\/uploads\/2025\/09\/IMG_4692.jpg","jetpack_sharing_enabled":true,"jetpack_likes_enabled":true,"_links":{"self":[{"href":"https:\/\/derechosinfronteras.pe\/ingles\/wp-json\/wp\/v2\/posts\/8883","targetHints":{"allow":["GET"]}}],"collection":[{"href":"https:\/\/derechosinfronteras.pe\/ingles\/wp-json\/wp\/v2\/posts"}],"about":[{"href":"https:\/\/derechosinfronteras.pe\/ingles\/wp-json\/wp\/v2\/types\/post"}],"author":[{"embeddable":true,"href":"https:\/\/derechosinfronteras.pe\/ingles\/wp-json\/wp\/v2\/users\/1"}],"replies":[{"embeddable":true,"href":"https:\/\/derechosinfronteras.pe\/ingles\/wp-json\/wp\/v2\/comments?post=8883"}],"version-history":[{"count":1,"href":"https:\/\/derechosinfronteras.pe\/ingles\/wp-json\/wp\/v2\/posts\/8883\/revisions"}],"predecessor-version":[{"id":8885,"href":"https:\/\/derechosinfronteras.pe\/ingles\/wp-json\/wp\/v2\/posts\/8883\/revisions\/8885"}],"wp:featuredmedia":[{"embeddable":true,"href":"https:\/\/derechosinfronteras.pe\/ingles\/wp-json\/wp\/v2\/media\/8884"}],"wp:attachment":[{"href":"https:\/\/derechosinfronteras.pe\/ingles\/wp-json\/wp\/v2\/media?parent=8883"}],"wp:term":[{"taxonomy":"category","embeddable":true,"href":"https:\/\/derechosinfronteras.pe\/ingles\/wp-json\/wp\/v2\/categories?post=8883"},{"taxonomy":"post_tag","embeddable":true,"href":"https:\/\/derechosinfronteras.pe\/ingles\/wp-json\/wp\/v2\/tags?post=8883"}],"curies":[{"name":"wp","href":"https:\/\/api.w.org\/{rel}","templated":true}]}}