{"id":8887,"date":"2025-09-10T18:12:43","date_gmt":"2025-09-10T23:12:43","guid":{"rendered":"https:\/\/derechosinfronteras.pe\/?p=8887"},"modified":"2025-09-10T18:24:07","modified_gmt":"2025-09-10T23:24:07","slug":"cusco-suma-7-feminicidios-en-lo-que-va-del-ano-la-historia-de-avelina-cusi-evidencia-la-ausencia-de-politicas-efectivas-para-proteger-a-las-mujeres","status":"publish","type":"post","link":"https:\/\/derechosinfronteras.pe\/ingles\/cusco-suma-7-feminicidios-en-lo-que-va-del-ano-la-historia-de-avelina-cusi-evidencia-la-ausencia-de-politicas-efectivas-para-proteger-a-las-mujeres\/","title":{"rendered":"CUSCO SUMA 7 FEMINICIDIOS EN LO QUE VA DEL A\u00d1O: LA HISTORIA DE AVELINA CUSI EVIDENCIA LA AUSENCIA DE POL\u00cdTICAS EFECTIVAS PARA PROTEGER A LAS MUJERES"},"content":{"rendered":"<p class=\"has-medium-font-size\">En el Per\u00fa, la violencia de g\u00e9nero sigue cobrando vidas con alarmantes cifras: solo en el primer semestre de 2025 se registraron 78 feminicidios, es decir, en promedio una mujer es asesinada cada tres d\u00edas. La mayor\u00eda de las v\u00edctimas eran j\u00f3venes y adultas entre los 18 y 59 a\u00f1os, aunque tambi\u00e9n hubo ni\u00f1as, adolescentes y mujeres mayores entre los casos reportados, seg\u00fan el reporte del Ministerio de la Mujer y Poblaciones Vulnerables.<\/p>\n\n\n\n<figure class=\"wp-block-video\"><video height=\"1080\" style=\"aspect-ratio: 1920 \/ 1080;\" width=\"1920\" controls src=\"https:\/\/derechosinfronteras.pe\/wp-content\/uploads\/2025\/09\/feminicidio-7-en-cusco-1.mp4\" playsinline><\/video><\/figure>\n\n\n\n<p class=\"has-medium-font-size\">Cusco se ubica como la segunda regi\u00f3n m\u00e1s golpeada por feminicidios, con 7 casos registrados en lo que va del 2025, solo detr\u00e1s de Lima con 16 casos. Esta cifra coloca a la regi\u00f3n por encima de Jun\u00edn y Arequipa con 6 casos cada una y confirma que la violencia contra las mujeres es una emergencia nacional que tambi\u00e9n hiere con crueldad a las mujeres.<\/p>\n\n\n\n<p class=\"has-medium-font-size\">\ud835\uddd8\ud835\uddf9 \ud835\uddf0\ud835\uddee\ud835\ude00\ud835\uddfc \ud835\uddfe\ud835\ude02\ud835\uddf2 \ud835\uddf0\ud835\uddfc\ud835\uddfb\ud835\uddfa\ud835\uddfc\ud835\uddf0\ud835\uddf6\ud835\uddfc\ud835\uddfb\ud835\uddee \ud835\uddee \ud835\udde6\ud835\uddee\ud835\uddfb \ud835\udddd\ud835\uddf2\ud835\uddff\ud835\uddfc\u0301\ud835\uddfb\ud835\uddf6\ud835\uddfa\ud835\uddfc \ud835\uddf2\ud835\uddfb \ud835\uddd6\ud835\ude02\ud835\ude00\ud835\uddf0\ud835\uddfc.<\/p>\n\n\n\n<p class=\"has-medium-font-size\">El 6 de septiembre, Avelina Cusi Quispe de 62 a\u00f1os fue hallada calcinada en el interior de su vivienda en el pasaje Matamoros, distrito de San Jer\u00f3nimo, Cusco. La necropsia confirm\u00f3 que la mujer ten\u00eda golpes en la frente y la espalda antes del incendio. El principal sospechoso es su expareja, Celestino Lume Inca Roca, quien ya hab\u00eda sido denunciado por violencia en 2011. el presunto feminicida permanece detenido mientras la Fiscal\u00eda Especializada en Violencia contra las Mujeres contin\u00faa las diligencias. Mientras los vecinos del lugar se\u00f1alaron que la pareja manten\u00eda constantes discusiones y que poco antes del incendio se escuch\u00f3 un altercado en la vivienda.<\/p>\n\n\n\n<figure class=\"wp-block-image size-large\"><img fetchpriority=\"high\" decoding=\"async\" width=\"1024\" height=\"576\" src=\"https:\/\/derechosinfronteras.pe\/wp-content\/uploads\/2025\/09\/feminicidio-cusco-1024x576.jpg\" alt=\"\" class=\"wp-image-8892\" srcset=\"https:\/\/derechosinfronteras.pe\/wp-content\/uploads\/2025\/09\/feminicidio-cusco-1024x576.jpg 1024w, https:\/\/derechosinfronteras.pe\/wp-content\/uploads\/2025\/09\/feminicidio-cusco-300x169.jpg 300w, https:\/\/derechosinfronteras.pe\/wp-content\/uploads\/2025\/09\/feminicidio-cusco-768x432.jpg 768w, https:\/\/derechosinfronteras.pe\/wp-content\/uploads\/2025\/09\/feminicidio-cusco.jpg 1090w\" sizes=\"(max-width: 1024px) 100vw, 1024px\" \/><\/figure>\n\n\n\n<p class=\"has-medium-font-size\">\ud835\uddd8\ud835\uddf9 \ud835\uddf0\ud835\uddf9\ud835\uddee\ud835\uddfa\ud835\uddfc\ud835\uddff \ud835\uddf1\ud835\uddf2\ud835\uddf9 \ud835\uddf5\ud835\uddf6\ud835\uddf7\ud835\uddfc \u275e\ud835\udde3\ud835\uddf6\ud835\uddf1\ud835\uddfc \ud835\uddf7\ud835\ude02\ud835\ude00\ud835\ude01\ud835\uddf6\ud835\uddf0\ud835\uddf6\ud835\uddee \ud835\uddfd\ud835\uddee\ud835\uddff\ud835\uddee \ud835\uddfa\ud835\uddf6 \ud835\uddfa\ud835\uddee\ud835\uddf1\ud835\uddff\ud835\uddf2\u275e<\/p>\n\n\n\n<p class=\"has-medium-font-size\">La muerte de Avelina ha desgarrado a su familia. Su hijo, Juan Francisco, asegura que su madre fue v\u00edctima de feminicidio y exige justicia.\u201d Mi madre no merec\u00eda morir as\u00ed. Era la mejor madre, siempre trabajadora, siempre pendiente de nosotros. Pido justicia para ella\u201d, declar\u00f3 entre l\u00e1grimas.<\/p>\n\n\n\n<p class=\"has-medium-font-size\">El joven tambi\u00e9n record\u00f3 que su madre ya hab\u00eda sufrido episodios de violencia en el pasado. \u201cEse se\u00f1or ya le hab\u00eda dislocado el hombro en 2011. Ella lo denunci\u00f3, pero despu\u00e9s volvi\u00f3 porque era su casa. \u00c9l siempre la celaba, le reclamaba si sal\u00eda o iba a alg\u00fan compromiso\u201d, relat\u00f3.<\/p>\n\n\n\n<p class=\"has-medium-font-size\">El feminicidio de Avelina Cusi Quispe no es un hecho aislado, sino parte de nuestra realidad alarmante que sigue cobrando vidas de mujeres en todo el pa\u00eds. La familia pide sanci\u00f3n ejemplar, y organizaciones de derechos humanos recuerdan que cada feminicidio es evidencia de un Estado que no logra garantizar medidas de protecci\u00f3n oportunas y efectivas.<\/p>\n\n\n\n<p class=\"has-medium-font-size\">\u275e\ud835\udde1\ud835\uddf6 \ud835\ude02\ud835\uddfb\ud835\uddee \ud835\uddfa\ud835\uddf2\ud835\uddfb\ud835\uddfc\ud835\ude00, \ud835\ude03\ud835\uddf6\ud835\ude03\ud835\uddee\ud835\ude00 \ud835\uddfb\ud835\uddfc\ud835\ude00 \ud835\uddfe\ud835\ude02\ud835\uddf2\ud835\uddff\ud835\uddf2\ud835\uddfa\ud835\uddfc\ud835\ude00\u275e<\/p>\n\n\n\n<p class=\"has-medium-font-size\">No debe seguir siendo solo un grito en las calles, sino un compromiso real de la justicia y de las instituciones para que ninguna mujer m\u00e1s pierda la vida por violencia de g\u00e9nero.<\/p>","protected":false},"excerpt":{"rendered":"<p>En el Per\u00fa, la violencia de g\u00e9nero sigue cobrando vidas con alarmantes cifras: solo en el primer semestre de 2025 se registraron 78 feminicidios, es decir, en promedio una mujer es asesinada cada tres d\u00edas. La mayor\u00eda de las v\u00edctimas eran j\u00f3venes y adultas entre los 18 y 59 a\u00f1os, aunque tambi\u00e9n hubo ni\u00f1as, adolescentes [&hellip;]<\/p>\n","protected":false},"author":1,"featured_media":8891,"comment_status":"open","ping_status":"open","sticky":false,"template":"","format":"standard","meta":{"_monsterinsights_skip_tracking":false,"_monsterinsights_sitenote_active":false,"_monsterinsights_sitenote_note":"","_monsterinsights_sitenote_category":0,"_jetpack_memberships_contains_paid_content":false,"footnotes":"","jetpack_publicize_message":"","jetpack_publicize_feature_enabled":true,"jetpack_social_post_already_shared":false,"jetpack_social_options":{"image_generator_settings":{"template":"highway","default_image_id":0,"font":"","enabled":false},"version":2}},"categories":[186],"tags":[],"class_list":["post-8887","post","type-post","status-publish","format-standard","has-post-thumbnail","hentry","category-noticias"],"blocksy_meta":[],"jetpack_publicize_connections":[],"jetpack_featured_media_url":"https:\/\/derechosinfronteras.pe\/wp-content\/uploads\/2025\/09\/feminicidio-cusco-san-jeronimo.jpg","jetpack_sharing_enabled":true,"jetpack_likes_enabled":true,"_links":{"self":[{"href":"https:\/\/derechosinfronteras.pe\/ingles\/wp-json\/wp\/v2\/posts\/8887","targetHints":{"allow":["GET"]}}],"collection":[{"href":"https:\/\/derechosinfronteras.pe\/ingles\/wp-json\/wp\/v2\/posts"}],"about":[{"href":"https:\/\/derechosinfronteras.pe\/ingles\/wp-json\/wp\/v2\/types\/post"}],"author":[{"embeddable":true,"href":"https:\/\/derechosinfronteras.pe\/ingles\/wp-json\/wp\/v2\/users\/1"}],"replies":[{"embeddable":true,"href":"https:\/\/derechosinfronteras.pe\/ingles\/wp-json\/wp\/v2\/comments?post=8887"}],"version-history":[{"count":4,"href":"https:\/\/derechosinfronteras.pe\/ingles\/wp-json\/wp\/v2\/posts\/8887\/revisions"}],"predecessor-version":[{"id":8898,"href":"https:\/\/derechosinfronteras.pe\/ingles\/wp-json\/wp\/v2\/posts\/8887\/revisions\/8898"}],"wp:featuredmedia":[{"embeddable":true,"href":"https:\/\/derechosinfronteras.pe\/ingles\/wp-json\/wp\/v2\/media\/8891"}],"wp:attachment":[{"href":"https:\/\/derechosinfronteras.pe\/ingles\/wp-json\/wp\/v2\/media?parent=8887"}],"wp:term":[{"taxonomy":"category","embeddable":true,"href":"https:\/\/derechosinfronteras.pe\/ingles\/wp-json\/wp\/v2\/categories?post=8887"},{"taxonomy":"post_tag","embeddable":true,"href":"https:\/\/derechosinfronteras.pe\/ingles\/wp-json\/wp\/v2\/tags?post=8887"}],"curies":[{"name":"wp","href":"https:\/\/api.w.org\/{rel}","templated":true}]}}