{"id":8900,"date":"2025-09-30T11:48:36","date_gmt":"2025-09-30T16:48:36","guid":{"rendered":"https:\/\/derechosinfronteras.pe\/?p=8900"},"modified":"2025-09-30T11:54:10","modified_gmt":"2025-09-30T16:54:10","slug":"estudiantes-de-espinar-muestran-a-traves-de-cortometrajes-que-defender-el-agua-y-la-vida-es-un-derecho-esencial","status":"publish","type":"post","link":"https:\/\/derechosinfronteras.pe\/ingles\/estudiantes-de-espinar-muestran-a-traves-de-cortometrajes-que-defender-el-agua-y-la-vida-es-un-derecho-esencial\/","title":{"rendered":"Estudiantes de Espinar muestran, a traves de cortometrajes, que defender el agua y la vida es un derecho esencial"},"content":{"rendered":"<p>Estudiantes de Espinar muestran, a trav\u00e9s de cortometrajes, que defender el agua y la vida es un derecho esencial<\/p>\n\n\n\n<p class=\"has-medium-font-size\">El mi\u00e9rcoles 24 de septiembre de 2025, en el auditorio de la Municipalidad Provincial de Espinar, se desarroll\u00f3 el Primer Festival Uyariy \u2013 Concurso de Cortometrajes 2025, un evento cultural educativo que reuni\u00f3 a estudiantes de instituciones educativas como la I.E. C\u00e9sar Vallejo de Espinar, la I.E. Coronel Ladislao Espinar y la I.E. Sagrado Coraz\u00f3n de Jes\u00fas, para mostrar a trav\u00e9s de productos audiovisuales producidos por los estudiantes que la salud y un ambiente limpio son derechos esenciales.<\/p>\n\n\n\n<figure class=\"wp-block-image size-full is-resized\"><img fetchpriority=\"high\" decoding=\"async\" width=\"1000\" height=\"667\" src=\"https:\/\/derechosinfronteras.pe\/wp-content\/uploads\/2025\/09\/4-1.jpg\" alt=\"\" class=\"wp-image-8905\" style=\"width:750px;height:auto\" srcset=\"https:\/\/derechosinfronteras.pe\/wp-content\/uploads\/2025\/09\/4-1.jpg 1000w, https:\/\/derechosinfronteras.pe\/wp-content\/uploads\/2025\/09\/4-1-300x200.jpg 300w, https:\/\/derechosinfronteras.pe\/wp-content\/uploads\/2025\/09\/4-1-768x512.jpg 768w\" sizes=\"(max-width: 1000px) 100vw, 1000px\" \/><\/figure>\n\n\n\n<p class=\"has-medium-font-size\">Se proyectaron seis cortometrajes cuyas producciones destacaron tanto por su narrativa como por la fuerza de sus mensajes ambientales. El festival se llev\u00f3 con la finalidad de visibilizar, a trav\u00e9s del audiovisual, las problem\u00e1ticas que afectan al medio ambiente y al agua en la provincia de Espinar. Retransmitido por Radio Solar, Radio Laramani, Radio Inka Power y Visi\u00f3n Espinar \u2013 Canal 20.1, a fin de que el mensaje alcanzara a toda la provincia.<\/p>\n\n\n\n<p class=\"has-medium-font-size\">Uno de los momentos m\u00e1s significativos fue la proyecci\u00f3n del documental \u201cKanawarmi, no dejes nunca de latir\u201d, que abri\u00f3 un espacio de reflexi\u00f3n sobre la resistencia de las comunidades y, en particular, de las mujeres frente a los impactos ambientales que amenazan la vida de cientos de ellas.<\/p>\n\n\n\n<figure class=\"wp-block-image size-full\"><img decoding=\"async\" width=\"1000\" height=\"667\" src=\"https:\/\/derechosinfronteras.pe\/wp-content\/uploads\/2025\/09\/5.jpg\" alt=\"\" class=\"wp-image-8903\" srcset=\"https:\/\/derechosinfronteras.pe\/wp-content\/uploads\/2025\/09\/5.jpg 1000w, https:\/\/derechosinfronteras.pe\/wp-content\/uploads\/2025\/09\/5-300x200.jpg 300w, https:\/\/derechosinfronteras.pe\/wp-content\/uploads\/2025\/09\/5-768x512.jpg 768w\" sizes=\"(max-width: 1000px) 100vw, 1000px\" \/><\/figure>\n\n\n\n<p class=\"has-medium-font-size\">La primera edici\u00f3n del Festival Uyariy mostr\u00f3 que la creatividad y la voz de los j\u00f3venes pueden transmitir mensajes de concientizaci\u00f3n a la poblaci\u00f3n sobre la contaminaci\u00f3n ambiental.<\/p>\n\n\n\n<p class=\"has-medium-font-size\">Desde Derechos Humanos Sin Fronteras DHSF, junto a CooperAcci\u00f3n y PAMETEC, acompa\u00f1amos este proceso convencidos de que los cortometrajes audiovisuales tambi\u00e9n son una forma de expresi\u00f3n y conciencia colectiva desde los estudiantes de Espinar. Reafirmamos nuestro compromiso con la defensa de los derechos humanos y con el trabajo conjunto por un futuro libre de metales para la provincia de Espinar.<\/p>\n\n\n\n<figure class=\"wp-block-image size-full\"><img decoding=\"async\" width=\"1000\" height=\"667\" src=\"https:\/\/derechosinfronteras.pe\/wp-content\/uploads\/2025\/09\/6.jpg\" alt=\"\" class=\"wp-image-8906\" srcset=\"https:\/\/derechosinfronteras.pe\/wp-content\/uploads\/2025\/09\/6.jpg 1000w, https:\/\/derechosinfronteras.pe\/wp-content\/uploads\/2025\/09\/6-300x200.jpg 300w, https:\/\/derechosinfronteras.pe\/wp-content\/uploads\/2025\/09\/6-768x512.jpg 768w\" sizes=\"(max-width: 1000px) 100vw, 1000px\" \/><\/figure>\n\n\n\n<p class=\"has-medium-font-size\">En la siguiente publicaci\u00f3n difundiremos en nuestras redes sociales los tres cortometrajes ganadores, para que m\u00e1s personas puedan verlos y sumarse a esta reflexi\u00f3n colectiva sobre la defensa del agua, la salud y el ambiente.<\/p>","protected":false},"excerpt":{"rendered":"<p>Estudiantes de Espinar muestran, a trav\u00e9s de cortometrajes, que defender el agua y la vida es un derecho esencial El mi\u00e9rcoles 24 de septiembre de 2025, en el auditorio de la Municipalidad Provincial de Espinar, se desarroll\u00f3 el Primer Festival Uyariy \u2013 Concurso de Cortometrajes 2025, un evento cultural educativo que reuni\u00f3 a estudiantes de [&hellip;]<\/p>\n","protected":false},"author":1,"featured_media":8903,"comment_status":"open","ping_status":"open","sticky":false,"template":"","format":"standard","meta":{"_monsterinsights_skip_tracking":false,"_monsterinsights_sitenote_active":false,"_monsterinsights_sitenote_note":"","_monsterinsights_sitenote_category":0,"_jetpack_memberships_contains_paid_content":false,"footnotes":"","jetpack_publicize_message":"","jetpack_publicize_feature_enabled":true,"jetpack_social_post_already_shared":false,"jetpack_social_options":{"image_generator_settings":{"template":"highway","default_image_id":0,"font":"","enabled":false},"version":2}},"categories":[186,158],"tags":[],"class_list":["post-8900","post","type-post","status-publish","format-standard","has-post-thumbnail","hentry","category-noticias","category-area-decma"],"blocksy_meta":[],"jetpack_publicize_connections":[],"jetpack_featured_media_url":"https:\/\/derechosinfronteras.pe\/wp-content\/uploads\/2025\/09\/5.jpg","jetpack_sharing_enabled":true,"jetpack_likes_enabled":true,"_links":{"self":[{"href":"https:\/\/derechosinfronteras.pe\/ingles\/wp-json\/wp\/v2\/posts\/8900","targetHints":{"allow":["GET"]}}],"collection":[{"href":"https:\/\/derechosinfronteras.pe\/ingles\/wp-json\/wp\/v2\/posts"}],"about":[{"href":"https:\/\/derechosinfronteras.pe\/ingles\/wp-json\/wp\/v2\/types\/post"}],"author":[{"embeddable":true,"href":"https:\/\/derechosinfronteras.pe\/ingles\/wp-json\/wp\/v2\/users\/1"}],"replies":[{"embeddable":true,"href":"https:\/\/derechosinfronteras.pe\/ingles\/wp-json\/wp\/v2\/comments?post=8900"}],"version-history":[{"count":2,"href":"https:\/\/derechosinfronteras.pe\/ingles\/wp-json\/wp\/v2\/posts\/8900\/revisions"}],"predecessor-version":[{"id":8908,"href":"https:\/\/derechosinfronteras.pe\/ingles\/wp-json\/wp\/v2\/posts\/8900\/revisions\/8908"}],"wp:featuredmedia":[{"embeddable":true,"href":"https:\/\/derechosinfronteras.pe\/ingles\/wp-json\/wp\/v2\/media\/8903"}],"wp:attachment":[{"href":"https:\/\/derechosinfronteras.pe\/ingles\/wp-json\/wp\/v2\/media?parent=8900"}],"wp:term":[{"taxonomy":"category","embeddable":true,"href":"https:\/\/derechosinfronteras.pe\/ingles\/wp-json\/wp\/v2\/categories?post=8900"},{"taxonomy":"post_tag","embeddable":true,"href":"https:\/\/derechosinfronteras.pe\/ingles\/wp-json\/wp\/v2\/tags?post=8900"}],"curies":[{"name":"wp","href":"https:\/\/api.w.org\/{rel}","templated":true}]}}