{"id":8930,"date":"2025-10-14T10:39:20","date_gmt":"2025-10-14T15:39:20","guid":{"rendered":"https:\/\/derechosinfronteras.pe\/?p=8930"},"modified":"2025-10-14T15:33:11","modified_gmt":"2025-10-14T20:33:11","slug":"tejiendo-memoria-y-justicia-mujeres-victimas-de-esterilizaciones-forzadas-fortalecen-su-organizacion","status":"publish","type":"post","link":"https:\/\/derechosinfronteras.pe\/ingles\/tejiendo-memoria-y-justicia-mujeres-victimas-de-esterilizaciones-forzadas-fortalecen-su-organizacion\/","title":{"rendered":"Tejiendo memoria y justicia: mujeres v\u00edctimas de esterilizaciones forzadas fortalecen su organizaci\u00f3n."},"content":{"rendered":"<p class=\"has-medium-font-size\">Con el prop\u00f3sito de fortalecer el acompa\u00f1amiento, la memoria, la organizaci\u00f3n de mujeres y el acceso a informaci\u00f3n sobre derechos humanos, Derechos Humanos Sin Fronteras (DHSF), junto a Amnist\u00eda Internacional Per\u00fa y #EstudioparalaDefensadelosDerechosdelaMujer &#8211; Demus, acompa\u00f1aron en un espacio de di\u00e1logo, memoria y aprendizaje a mujeres de diversas provincias los d\u00edas 3 y 4 de octubre, en la ciudad del Cusco.<\/p>\n\n\n\n<figure class=\"wp-block-gallery has-nested-images columns-default is-cropped wp-block-gallery-1 is-layout-flex wp-block-gallery-is-layout-flex\">\n<figure class=\"wp-block-image size-large\"><img fetchpriority=\"high\" decoding=\"async\" width=\"1000\" height=\"667\" data-id=\"8932\" src=\"https:\/\/derechosinfronteras.pe\/wp-content\/uploads\/2025\/10\/2.1-2.jpg\" alt=\"\" class=\"wp-image-8932\" srcset=\"https:\/\/derechosinfronteras.pe\/wp-content\/uploads\/2025\/10\/2.1-2.jpg 1000w, https:\/\/derechosinfronteras.pe\/wp-content\/uploads\/2025\/10\/2.1-2-300x200.jpg 300w, https:\/\/derechosinfronteras.pe\/wp-content\/uploads\/2025\/10\/2.1-2-768x512.jpg 768w\" sizes=\"(max-width: 1000px) 100vw, 1000px\" \/><\/figure>\n\n\n\n<figure class=\"wp-block-image size-large\"><img decoding=\"async\" width=\"1000\" height=\"667\" data-id=\"8931\" src=\"https:\/\/derechosinfronteras.pe\/wp-content\/uploads\/2025\/10\/13-1.jpg\" alt=\"\" class=\"wp-image-8931\" srcset=\"https:\/\/derechosinfronteras.pe\/wp-content\/uploads\/2025\/10\/13-1.jpg 1000w, https:\/\/derechosinfronteras.pe\/wp-content\/uploads\/2025\/10\/13-1-300x200.jpg 300w, https:\/\/derechosinfronteras.pe\/wp-content\/uploads\/2025\/10\/13-1-768x512.jpg 768w\" sizes=\"(max-width: 1000px) 100vw, 1000px\" \/><\/figure>\n<\/figure>\n\n\n\n<p class=\"has-medium-font-size\">Al encuentro asistieron mujeres v\u00edctimas de esterilizaciones forzadas de Sicuani, Velille, Llusco, Ccapacmarca, Limatambo, Ancahuasi y Canchis. Todas ellas participan en procesos de b\u00fasqueda de verdad y reparaci\u00f3n por las esterilizaciones ocurridas en la d\u00e9cada de 1990. El taller se desarroll\u00f3 en un ambiente de reflexi\u00f3n centrado en la memoria y los derechos humanos, y permiti\u00f3 dialogar sobre los obst\u00e1culos que enfrentan las mujeres para ejercer plenamente su participaci\u00f3n social.<\/p>\n\n\n\n<figure class=\"wp-block-gallery has-nested-images columns-default is-cropped wp-block-gallery-2 is-layout-flex wp-block-gallery-is-layout-flex\">\n<figure class=\"wp-block-image size-large\"><img decoding=\"async\" width=\"1000\" height=\"667\" data-id=\"8933\" src=\"https:\/\/derechosinfronteras.pe\/wp-content\/uploads\/2025\/10\/1-1.jpg\" alt=\"\" class=\"wp-image-8933\" srcset=\"https:\/\/derechosinfronteras.pe\/wp-content\/uploads\/2025\/10\/1-1.jpg 1000w, https:\/\/derechosinfronteras.pe\/wp-content\/uploads\/2025\/10\/1-1-300x200.jpg 300w, https:\/\/derechosinfronteras.pe\/wp-content\/uploads\/2025\/10\/1-1-768x512.jpg 768w\" sizes=\"(max-width: 1000px) 100vw, 1000px\" \/><\/figure>\n\n\n\n<figure class=\"wp-block-image size-large\"><img loading=\"lazy\" decoding=\"async\" width=\"1000\" height=\"667\" data-id=\"8935\" src=\"https:\/\/derechosinfronteras.pe\/wp-content\/uploads\/2025\/10\/3-1.jpg\" alt=\"\" class=\"wp-image-8935\" srcset=\"https:\/\/derechosinfronteras.pe\/wp-content\/uploads\/2025\/10\/3-1.jpg 1000w, https:\/\/derechosinfronteras.pe\/wp-content\/uploads\/2025\/10\/3-1-300x200.jpg 300w, https:\/\/derechosinfronteras.pe\/wp-content\/uploads\/2025\/10\/3-1-768x512.jpg 768w\" sizes=\"(max-width: 1000px) 100vw, 1000px\" \/><\/figure>\n\n\n\n<figure class=\"wp-block-image size-large\"><img loading=\"lazy\" decoding=\"async\" width=\"1000\" height=\"667\" data-id=\"8936\" src=\"https:\/\/derechosinfronteras.pe\/wp-content\/uploads\/2025\/10\/8-1.jpg\" alt=\"\" class=\"wp-image-8936\" srcset=\"https:\/\/derechosinfronteras.pe\/wp-content\/uploads\/2025\/10\/8-1.jpg 1000w, https:\/\/derechosinfronteras.pe\/wp-content\/uploads\/2025\/10\/8-1-300x200.jpg 300w, https:\/\/derechosinfronteras.pe\/wp-content\/uploads\/2025\/10\/8-1-768x512.jpg 768w\" sizes=\"(max-width: 1000px) 100vw, 1000px\" \/><\/figure>\n\n\n\n<figure class=\"wp-block-image size-large\"><img loading=\"lazy\" decoding=\"async\" width=\"1000\" height=\"667\" data-id=\"8934\" src=\"https:\/\/derechosinfronteras.pe\/wp-content\/uploads\/2025\/10\/9-1.jpg\" alt=\"\" class=\"wp-image-8934\" srcset=\"https:\/\/derechosinfronteras.pe\/wp-content\/uploads\/2025\/10\/9-1.jpg 1000w, https:\/\/derechosinfronteras.pe\/wp-content\/uploads\/2025\/10\/9-1-300x200.jpg 300w, https:\/\/derechosinfronteras.pe\/wp-content\/uploads\/2025\/10\/9-1-768x512.jpg 768w\" sizes=\"(max-width: 1000px) 100vw, 1000px\" \/><\/figure>\n\n\n\n<figure class=\"wp-block-image size-large\"><img loading=\"lazy\" decoding=\"async\" width=\"1000\" height=\"667\" data-id=\"8937\" src=\"https:\/\/derechosinfronteras.pe\/wp-content\/uploads\/2025\/10\/10-1.jpg\" alt=\"\" class=\"wp-image-8937\" srcset=\"https:\/\/derechosinfronteras.pe\/wp-content\/uploads\/2025\/10\/10-1.jpg 1000w, https:\/\/derechosinfronteras.pe\/wp-content\/uploads\/2025\/10\/10-1-300x200.jpg 300w, https:\/\/derechosinfronteras.pe\/wp-content\/uploads\/2025\/10\/10-1-768x512.jpg 768w\" sizes=\"(max-width: 1000px) 100vw, 1000px\" \/><\/figure>\n\n\n\n<figure class=\"wp-block-image size-large\"><img loading=\"lazy\" decoding=\"async\" width=\"1000\" height=\"667\" data-id=\"8938\" src=\"https:\/\/derechosinfronteras.pe\/wp-content\/uploads\/2025\/10\/15-1.jpg\" alt=\"\" class=\"wp-image-8938\" srcset=\"https:\/\/derechosinfronteras.pe\/wp-content\/uploads\/2025\/10\/15-1.jpg 1000w, https:\/\/derechosinfronteras.pe\/wp-content\/uploads\/2025\/10\/15-1-300x200.jpg 300w, https:\/\/derechosinfronteras.pe\/wp-content\/uploads\/2025\/10\/15-1-768x512.jpg 768w\" sizes=\"(max-width: 1000px) 100vw, 1000px\" \/><\/figure>\n<\/figure>\n\n\n\n<p class=\"has-medium-font-size\"><strong>Un espacio de aprendizaje y acompa\u00f1amiento<\/strong><\/p>\n\n\n\n<p class=\"has-medium-font-size\">Durante la jornada se trabajaron temas vinculados al derecho a la verdad, la reparaci\u00f3n integral y el acceso a la justicia, resaltando la importancia del respeto y la dignidad de cada mujer, brindando informaci\u00f3n b\u00e1sica sobre rutas de atenci\u00f3n y mecanismos legales de protecci\u00f3n. A trav\u00e9s de din\u00e1micas participativas, las participantes identificaron los principales retos para acceder a informaci\u00f3n, servicios de salud y justicia identificando estrategias para fortalecer sus capacidades y su participaci\u00f3n en estos espacios.<\/p>\n\n\n\n<figure class=\"wp-block-image size-full\"><img loading=\"lazy\" decoding=\"async\" width=\"1000\" height=\"667\" src=\"https:\/\/derechosinfronteras.pe\/wp-content\/uploads\/2025\/10\/2-1-1.jpg\" alt=\"\" class=\"wp-image-8939\" srcset=\"https:\/\/derechosinfronteras.pe\/wp-content\/uploads\/2025\/10\/2-1-1.jpg 1000w, https:\/\/derechosinfronteras.pe\/wp-content\/uploads\/2025\/10\/2-1-1-300x200.jpg 300w, https:\/\/derechosinfronteras.pe\/wp-content\/uploads\/2025\/10\/2-1-1-768x512.jpg 768w\" sizes=\"(max-width: 1000px) 100vw, 1000px\" \/><\/figure>\n\n\n\n<p class=\"has-medium-font-size\"><strong>Memoria y dignidad, bases para seguir construyendo justicia<\/strong><\/p>\n\n\n\n<p class=\"has-medium-font-size\">Las mujeres coincidieron en que la memoria colectiva es una herramienta de sanaci\u00f3n y reconocimiento que permite tejer redes de apoyo y abrir caminos con dignidad para las nuevas generaciones. Expresaron la importancia de que las instituciones del Estado contin\u00faen generando espacios de escucha, informaci\u00f3n clara y brinden atenci\u00f3n oportuna, garantizando el respeto a los derechos fundamentales de todas las mujeres.<\/p>\n\n\n\n<p class=\"has-medium-font-size\"><strong>Educaci\u00f3n en derechos humanos y fortalecimiento organizacional<\/strong><\/p>\n\n\n\n<p class=\"has-medium-font-size\">La jornada concluy\u00f3 con el compromiso colectivo de seguir promoviendo la formaci\u00f3n, la organizaci\u00f3n y la solidaridad entre mujeres de diferentes provincias, distritos y comunidades de nuestro pa\u00eds.<\/p>\n\n\n\n<figure class=\"wp-block-image size-full\"><img loading=\"lazy\" decoding=\"async\" width=\"1000\" height=\"667\" src=\"https:\/\/derechosinfronteras.pe\/wp-content\/uploads\/2025\/10\/1.1-1.jpg\" alt=\"\" class=\"wp-image-8940\" srcset=\"https:\/\/derechosinfronteras.pe\/wp-content\/uploads\/2025\/10\/1.1-1.jpg 1000w, https:\/\/derechosinfronteras.pe\/wp-content\/uploads\/2025\/10\/1.1-1-300x200.jpg 300w, https:\/\/derechosinfronteras.pe\/wp-content\/uploads\/2025\/10\/1.1-1-768x512.jpg 768w\" sizes=\"(max-width: 1000px) 100vw, 1000px\" \/><\/figure>\n\n\n\n<p class=\"has-medium-font-size\">El acompa\u00f1amiento de DHSF como en estas actividades se orienta para fortalecer las capacidades de mujeres en temas de derechos humanos buscando que las comunidades y organizaciones conozcan las rutas de instituciones de atenci\u00f3n del Estado y las herramientas legales para ejercer y defender sus derechos colectivos.<\/p>\n\n\n\n<p class=\"has-medium-font-size\">Por: \u00c1rea de comunicaci\u00f3n &#8211; DHSF.<\/p>\n\n\n\n<p><\/p>","protected":false},"excerpt":{"rendered":"<p>Con el prop\u00f3sito de fortalecer el acompa\u00f1amiento, la memoria, la organizaci\u00f3n de mujeres y el acceso a informaci\u00f3n sobre derechos humanos, Derechos Humanos Sin Fronteras (DHSF), junto a Amnist\u00eda Internacional Per\u00fa y #EstudioparalaDefensadelosDerechosdelaMujer &#8211; Demus, acompa\u00f1aron en un espacio de di\u00e1logo, memoria y aprendizaje a mujeres de diversas provincias los d\u00edas 3 y 4 de [&hellip;]<\/p>\n","protected":false},"author":1,"featured_media":8920,"comment_status":"open","ping_status":"open","sticky":false,"template":"","format":"standard","meta":{"_monsterinsights_skip_tracking":false,"_monsterinsights_sitenote_active":false,"_monsterinsights_sitenote_note":"","_monsterinsights_sitenote_category":0,"_jetpack_memberships_contains_paid_content":false,"footnotes":"","jetpack_publicize_message":"","jetpack_publicize_feature_enabled":true,"jetpack_social_post_already_shared":false,"jetpack_social_options":{"image_generator_settings":{"template":"highway","default_image_id":0,"font":"","enabled":false},"version":2}},"categories":[159],"tags":[],"class_list":["post-8930","post","type-post","status-publish","format-standard","has-post-thumbnail","hentry","category-area-de-genero"],"blocksy_meta":[],"jetpack_publicize_connections":[],"jetpack_featured_media_url":"https:\/\/derechosinfronteras.pe\/wp-content\/uploads\/2025\/10\/2-1.jpg","jetpack_sharing_enabled":true,"jetpack_likes_enabled":true,"_links":{"self":[{"href":"https:\/\/derechosinfronteras.pe\/ingles\/wp-json\/wp\/v2\/posts\/8930","targetHints":{"allow":["GET"]}}],"collection":[{"href":"https:\/\/derechosinfronteras.pe\/ingles\/wp-json\/wp\/v2\/posts"}],"about":[{"href":"https:\/\/derechosinfronteras.pe\/ingles\/wp-json\/wp\/v2\/types\/post"}],"author":[{"embeddable":true,"href":"https:\/\/derechosinfronteras.pe\/ingles\/wp-json\/wp\/v2\/users\/1"}],"replies":[{"embeddable":true,"href":"https:\/\/derechosinfronteras.pe\/ingles\/wp-json\/wp\/v2\/comments?post=8930"}],"version-history":[{"count":2,"href":"https:\/\/derechosinfronteras.pe\/ingles\/wp-json\/wp\/v2\/posts\/8930\/revisions"}],"predecessor-version":[{"id":9025,"href":"https:\/\/derechosinfronteras.pe\/ingles\/wp-json\/wp\/v2\/posts\/8930\/revisions\/9025"}],"wp:featuredmedia":[{"embeddable":true,"href":"https:\/\/derechosinfronteras.pe\/ingles\/wp-json\/wp\/v2\/media\/8920"}],"wp:attachment":[{"href":"https:\/\/derechosinfronteras.pe\/ingles\/wp-json\/wp\/v2\/media?parent=8930"}],"wp:term":[{"taxonomy":"category","embeddable":true,"href":"https:\/\/derechosinfronteras.pe\/ingles\/wp-json\/wp\/v2\/categories?post=8930"},{"taxonomy":"post_tag","embeddable":true,"href":"https:\/\/derechosinfronteras.pe\/ingles\/wp-json\/wp\/v2\/tags?post=8930"}],"curies":[{"name":"wp","href":"https:\/\/api.w.org\/{rel}","templated":true}]}}