{"id":9037,"date":"2025-11-07T18:03:33","date_gmt":"2025-11-07T23:03:33","guid":{"rendered":"https:\/\/derechosinfronteras.pe\/?p=9037"},"modified":"2025-11-07T18:04:31","modified_gmt":"2025-11-07T23:04:31","slug":"comunidades-de-chumbivilcas-denuncian-irregularidades-del-proyecto-minero-crespo-y-alertan-riesgo-ambiental-en-la-cabecera-del-rio-santo-tomas","status":"publish","type":"post","link":"https:\/\/derechosinfronteras.pe\/ingles\/comunidades-de-chumbivilcas-denuncian-irregularidades-del-proyecto-minero-crespo-y-alertan-riesgo-ambiental-en-la-cabecera-del-rio-santo-tomas\/","title":{"rendered":"Comunidades de Chumbivilcas denuncian irregularidades del proyecto minero Crespo y alertan riesgo ambiental en la cabecera del r\u00edo Santo Tom\u00e1s"},"content":{"rendered":"<p class=\"has-medium-font-size\">El proyecto minero Crespo, ubicado en la provincia de Chumbivilcas de la regi\u00f3n Cusco, sigue generado una preocupaci\u00f3n entre las comunidades campesinas y organizaciones sociales de Chumbivilcas. En una reciente conferencia de prensa los dirigentes denuncian presuntas irregularidades en la autorizaci\u00f3n del proyecto, que se desarrolla en la cabecera de cuenca del r\u00edo Santo Tom\u00e1s, una fuente principal de agua vital para m\u00e1s de 15 mil personas.<\/p>\n\n\n\n<p class=\"has-medium-font-size\">El conflicto surgi\u00f3 tras la Resoluci\u00f3n N\u00b0 0348-2025-MINEM-DGDM\/V emitida por La Direcci\u00f3n Nacional de Miner\u00eda del Ministerio de Energ\u00eda y Minas, que autoriz\u00f3 el inicio de explotaci\u00f3n del proyecto minero Crespo pese a no contar, seg\u00fan las comunidades, con la consulta previa ni el consentimiento comunal requerido por ley.<\/p>\n\n\n\n<p class=\"has-medium-font-size\"><strong>Riesgos ambientales<\/strong><\/p>\n\n\n\n<p class=\"has-medium-font-size\">Las comunidades campesinas alertan que el proyecto minero se ubica en el glaciar Inti Curasma, parte de la cordillera de Huanzo, considerado fr\u00e1gil y de alta importancia h\u00eddrica.<\/p>\n\n\n\n<p class=\"has-medium-font-size\">Seg\u00fan informes, en la zona se ha identificado la presencia de hielo f\u00f3sil, cuya alteraci\u00f3n podr\u00eda afectar el equilibrio ambiental y acelerar el derretimiento de los glaciares junto a la crisis clim\u00e1tica actual.<\/p>\n\n\n\n<p class=\"has-medium-font-size\">El uso de cianuro en el proceso de lixiviaci\u00f3n representa otra preocupaci\u00f3n, debido a su potencial impacto sobre los r\u00edos, la ganader\u00eda de las comunidades.<\/p>\n\n\n\n<p class=\"has-medium-font-size\">Dirigentes de distintas comunidades entre ellas Collpa Cashahui, Llusco y Santo Tom\u00e1s han presentado denuncias ante el OEFA, as\u00ed como oposici\u00f3n ante la Autoridad Nacional del Agua (ANA) &nbsp;frente a la licencia de uso que se otorgar\u00eda al proyecto minero crespo.<\/p>\n\n\n\n<p class=\"has-medium-font-size\">En septiembre, el Primer Juzgado Mixto de Santo Tom\u00e1s admiti\u00f3 una acci\u00f3n de amparo contra la empresa minera Crespo, el MINEM y la ANA, solicitando la paralizaci\u00f3n inmediata de las obras y la nulidad del Estudio de Impacto Ambiental. Acci\u00f3n presentada por el Frente \u00fanico por los intereses de la provincia de Chumbivilcas.<\/p>\n\n\n\n<p class=\"has-medium-font-size\"><strong>Posici\u00f3n de las comunidades<\/strong><\/p>\n\n\n\n<p class=\"has-medium-font-size\">Los dirigentes aseguran que no se oponen a la miner\u00eda, pero s\u00ed a la forma en que se vienen autorizando proyectos sin transparencia ni participaci\u00f3n ciudadana, y sin respetar el derecho fundamental a la consulta previa. Denuncian que el Estudio de Impacto Ambiental (EIA) fue elaborado sin consulta real y que la poza de lixiviaci\u00f3n se ubica directamente en la cabecera del r\u00edo Santo Tom\u00e1s, poniendo en riesgo la agricultura, la ganader\u00eda y la salud de cientos de familias.<\/p>\n\n\n\n<p class=\"has-medium-font-size\">Durante su intervenci\u00f3n ante la Comisi\u00f3n de Pueblos Andinos, Amaz\u00f3nicos, Afroperuanos, Ambiente y Ecolog\u00eda del Congreso, los dirigentes exigieron la creaci\u00f3n de una mesa multisectorial para fiscalizar las acciones de la empresa y del Estado, y garantizar la protecci\u00f3n del agua y los glaciares.<\/p>\n\n\n\n<p class=\"has-medium-font-size\"><strong>Respuesta de la empresa<\/strong><\/p>\n\n\n\n<p class=\"has-medium-font-size\">La empresa Kina Mining Per\u00fa S.A.C., actual propietario del proyecto, inform\u00f3 que adquiri\u00f3 el Proyecto Crespo en marzo de 2024 y que no pertenece al Grupo Apumayo.<\/p>\n\n\n\n<p class=\"has-medium-font-size\">A trav\u00e9s de un comunicado, se\u00f1al\u00f3 que cumple con los est\u00e1ndares t\u00e9cnicos y ambientales exigidos por ley y que el proyecto fue dise\u00f1ado para proteger rigurosamente las fuentes de agua, la flora y la fauna, incorporando tecnolog\u00edas de miner\u00eda moderna.<\/p>\n\n\n\n<p class=\"has-medium-font-size\">Asimismo, inform\u00f3 que alcanz\u00f3 acuerdos con la comunidad de Collpa Casahui, incluyendo una servidumbre formalizada ante notario con un desembolso de 13 millones de soles, y que destinar\u00e1 20 millones de soles adicionales para proyectos de desarrollo local una vez iniciada la operaci\u00f3n. Hecho que se considerar\u00eda arbitrario, porque la comunidad habr\u00eda renunciado a sus derechos, como ejercer cualquier acci\u00f3n legal frente a este acuerdo.<\/p>\n\n\n\n<p class=\"has-medium-font-size\">Ante la falta de respuesta efectiva del Estado, las comunidades han anunciado una movilizaci\u00f3n provincial para el 11 de noviembre, exigiendo la paralizaci\u00f3n del proyecto y la defensa del agua y los glaciares. Fecha que esta programada la audiencia \u00fanica de la acci\u00f3n de amparo presentada por el Frente \u00fanico por los intereses de la provincia de Chumbivilcas.<\/p>\n\n\n\n<p class=\"has-medium-font-size\">Los dirigentes comunales, frentes de defensa y rondas campesinas reafirmaron que su lucha ser\u00e1 pac\u00edfica, pero firme, hasta que se garantice la suspensi\u00f3n definitiva de la actividad minera en la cabecera del r\u00edo Santo Tom\u00e1s.<\/p>\n\n\n\n<p class=\"has-medium-font-size\">El caso del proyecto minero Crespo expone nuevamente la tensi\u00f3n entre la actividad extractiva y la protecci\u00f3n de ecosistemas donde se encuentran las reservas de agua. Las comunidades de Chumbivilcas no solo reclaman el cumplimiento del marco legal ambiental y de consulta, sino tambi\u00e9n el reconocimiento efectivo de su derecho al agua, a la autodeterminaci\u00f3n y a decidir sobre su territorio.<\/p>\n\n\n\n<p class=\"has-medium-font-size\">Es preciso destacar, que&nbsp; la crisis clim\u00e1tica actual afectar\u00eda al glaciar&nbsp; Apu Inticurasma, el cual es la \u00fanica reserva de agua del distrito de Santo Tom\u00e1s, empeorando m\u00e1s la crisis con las autorizaciones de explotaci\u00f3n del proyecto minero crespo. Esta situaci\u00f3n genera mucha preocupaci\u00f3n en la provincia chumbivilcana.<\/p>\n\n\n\n<p class=\"has-medium-font-size\">Por: \u00c1rea de comunicaci\u00f3n &#8211; DHSF.<\/p>","protected":false},"excerpt":{"rendered":"<p>El proyecto minero Crespo, ubicado en la provincia de Chumbivilcas de la regi\u00f3n Cusco, sigue generado una preocupaci\u00f3n entre las comunidades campesinas y organizaciones sociales de Chumbivilcas. En una reciente conferencia de prensa los dirigentes denuncian presuntas irregularidades en la autorizaci\u00f3n del proyecto, que se desarrolla en la cabecera de cuenca del r\u00edo Santo Tom\u00e1s, [&hellip;]<\/p>\n","protected":false},"author":1,"featured_media":9038,"comment_status":"open","ping_status":"open","sticky":false,"template":"","format":"standard","meta":{"_monsterinsights_skip_tracking":false,"_monsterinsights_sitenote_active":false,"_monsterinsights_sitenote_note":"","_monsterinsights_sitenote_category":0,"_jetpack_memberships_contains_paid_content":false,"footnotes":"","jetpack_publicize_message":"","jetpack_publicize_feature_enabled":true,"jetpack_social_post_already_shared":false,"jetpack_social_options":{"image_generator_settings":{"template":"highway","default_image_id":0,"font":"","enabled":false},"version":2}},"categories":[157,186],"tags":[],"class_list":["post-9037","post","type-post","status-publish","format-standard","has-post-thumbnail","hentry","category-area-de-comunicacion","category-noticias"],"blocksy_meta":[],"jetpack_publicize_connections":[],"jetpack_featured_media_url":"https:\/\/derechosinfronteras.pe\/wp-content\/uploads\/2025\/11\/Copia_de_seguridad_de_CARRUSEL.png","jetpack_sharing_enabled":true,"jetpack_likes_enabled":true,"_links":{"self":[{"href":"https:\/\/derechosinfronteras.pe\/ingles\/wp-json\/wp\/v2\/posts\/9037","targetHints":{"allow":["GET"]}}],"collection":[{"href":"https:\/\/derechosinfronteras.pe\/ingles\/wp-json\/wp\/v2\/posts"}],"about":[{"href":"https:\/\/derechosinfronteras.pe\/ingles\/wp-json\/wp\/v2\/types\/post"}],"author":[{"embeddable":true,"href":"https:\/\/derechosinfronteras.pe\/ingles\/wp-json\/wp\/v2\/users\/1"}],"replies":[{"embeddable":true,"href":"https:\/\/derechosinfronteras.pe\/ingles\/wp-json\/wp\/v2\/comments?post=9037"}],"version-history":[{"count":3,"href":"https:\/\/derechosinfronteras.pe\/ingles\/wp-json\/wp\/v2\/posts\/9037\/revisions"}],"predecessor-version":[{"id":9043,"href":"https:\/\/derechosinfronteras.pe\/ingles\/wp-json\/wp\/v2\/posts\/9037\/revisions\/9043"}],"wp:featuredmedia":[{"embeddable":true,"href":"https:\/\/derechosinfronteras.pe\/ingles\/wp-json\/wp\/v2\/media\/9038"}],"wp:attachment":[{"href":"https:\/\/derechosinfronteras.pe\/ingles\/wp-json\/wp\/v2\/media?parent=9037"}],"wp:term":[{"taxonomy":"category","embeddable":true,"href":"https:\/\/derechosinfronteras.pe\/ingles\/wp-json\/wp\/v2\/categories?post=9037"},{"taxonomy":"post_tag","embeddable":true,"href":"https:\/\/derechosinfronteras.pe\/ingles\/wp-json\/wp\/v2\/tags?post=9037"}],"curies":[{"name":"wp","href":"https:\/\/api.w.org\/{rel}","templated":true}]}}