{"id":9042,"date":"2025-11-27T16:43:46","date_gmt":"2025-11-27T21:43:46","guid":{"rendered":"https:\/\/derechosinfronteras.pe\/?p=9042"},"modified":"2025-11-27T17:16:30","modified_gmt":"2025-11-27T22:16:30","slug":"hallazgos-del-estudio-evidencian-impactos-en-la-salud-sexual-y-reproductiva-de-mujeres-de-espinar-por-exposicion-a-metales-y-metaloides","status":"publish","type":"post","link":"https:\/\/derechosinfronteras.pe\/ingles\/hallazgos-del-estudio-evidencian-impactos-en-la-salud-sexual-y-reproductiva-de-mujeres-de-espinar-por-exposicion-a-metales-y-metaloides\/","title":{"rendered":"Hallazgos del estudio evidencian impactos en la salud sexual y reproductiva de mujeres de Espinar por exposici\u00f3n a metales y metaloides."},"content":{"rendered":"<figure class=\"wp-block-image size-full\"><img fetchpriority=\"high\" decoding=\"async\" width=\"1000\" height=\"514\" src=\"https:\/\/derechosinfronteras.pe\/wp-content\/uploads\/2025\/11\/E.png\" alt=\"\" class=\"wp-image-9044\" srcset=\"https:\/\/derechosinfronteras.pe\/wp-content\/uploads\/2025\/11\/E.png 1000w, https:\/\/derechosinfronteras.pe\/wp-content\/uploads\/2025\/11\/E-300x154.png 300w, https:\/\/derechosinfronteras.pe\/wp-content\/uploads\/2025\/11\/E-768x395.png 768w\" sizes=\"(max-width: 1000px) 100vw, 1000px\" \/><\/figure>\n\n\n\n<p class=\"has-medium-font-size\">Presentamos los resultados del estudio \u201cAtenci\u00f3n a mujeres de Espinar afectadas por metales y metaloides e identificaci\u00f3n de impactos en su salud sexual y reproductiva\u201d, elaborado junto con la Coordinadora Nacional de Derechos Humanos y la Escuela Profesional de Obstetricia de la Universidad Andina del Cusco.<\/p>\n\n\n\n<p class=\"has-medium-font-size\">El estudio revis\u00f3 325 historias cl\u00ednicas de mujeres en edad f\u00e9rtil de los centros de salud de Yauri, Pallpata y Tintaya Marquiri, y recogi\u00f3 testimonios de mujeres y profesionales de salud. Los hallazgos confirman afectaciones importantes asociadas a la exposici\u00f3n a metales t\u00f3xicos presentes en el entorno, documentada en evaluaciones previas del Censopas (2010 y 2013) y de OEFA (2022\u20132023).<\/p>\n\n\n\n<figure class=\"wp-block-gallery has-nested-images columns-default is-cropped wp-block-gallery-1 is-layout-flex wp-block-gallery-is-layout-flex\">\n<figure class=\"wp-block-image size-large\"><img decoding=\"async\" width=\"720\" height=\"480\" data-id=\"9046\" src=\"https:\/\/derechosinfronteras.pe\/wp-content\/uploads\/2025\/11\/1.jpg\" alt=\"\" class=\"wp-image-9046\" srcset=\"https:\/\/derechosinfronteras.pe\/wp-content\/uploads\/2025\/11\/1.jpg 720w, https:\/\/derechosinfronteras.pe\/wp-content\/uploads\/2025\/11\/1-300x200.jpg 300w\" sizes=\"(max-width: 720px) 100vw, 720px\" \/><\/figure>\n\n\n\n<figure class=\"wp-block-image size-full\"><img decoding=\"async\" width=\"720\" height=\"480\" data-id=\"9053\" src=\"https:\/\/derechosinfronteras.pe\/wp-content\/uploads\/2025\/11\/10.jpg\" alt=\"\" class=\"wp-image-9053\" srcset=\"https:\/\/derechosinfronteras.pe\/wp-content\/uploads\/2025\/11\/10.jpg 720w, https:\/\/derechosinfronteras.pe\/wp-content\/uploads\/2025\/11\/10-300x200.jpg 300w\" sizes=\"(max-width: 720px) 100vw, 720px\" \/><\/figure>\n\n\n\n<figure class=\"wp-block-image size-large\"><img loading=\"lazy\" decoding=\"async\" width=\"720\" height=\"480\" data-id=\"9047\" src=\"https:\/\/derechosinfronteras.pe\/wp-content\/uploads\/2025\/11\/8.jpg\" alt=\"\" class=\"wp-image-9047\" srcset=\"https:\/\/derechosinfronteras.pe\/wp-content\/uploads\/2025\/11\/8.jpg 720w, https:\/\/derechosinfronteras.pe\/wp-content\/uploads\/2025\/11\/8-300x200.jpg 300w\" sizes=\"(max-width: 720px) 100vw, 720px\" \/><\/figure>\n<\/figure>\n\n\n\n<p class=\"has-medium-font-size\"><strong>Principales hallazgos.<\/strong><\/p>\n\n\n\n<ul class=\"wp-block-list\">\n<li class=\"has-medium-font-size\">94,5 % (307 mujeres) presenta alguna patolog\u00eda registrada en su historia cl\u00ednica.<\/li>\n\n\n\n<li class=\"has-medium-font-size\">51,6 % (158) tiene afecciones en el aparato reproductivo.<\/li>\n\n\n\n<li class=\"has-medium-font-size\">33 % (101) reporta alteraciones en su ciclo menstrual.<\/li>\n\n\n\n<li class=\"has-medium-font-size\">Se identificaron casos de quistes, miomas, ovarios hipotr\u00f3ficos, p\u00f3lipos y otros diagn\u00f3sticos en ecograf\u00edas ginecol\u00f3gicas.<\/li>\n\n\n\n<li class=\"has-medium-font-size\">Personal de salud menciona la presencia de malformaciones cong\u00e9nitas, embarazos anembrionarios, abortos espont\u00e1neos y partos prematuros.<\/li>\n\n\n\n<li class=\"has-medium-font-size\">El 35 % registra alg\u00fan tipo de infecci\u00f3n de transmisi\u00f3n sexual (ITS), y el acceso a m\u00e9todos anticonceptivos sigue siendo limitado.<\/li>\n<\/ul>\n\n\n\n<figure class=\"wp-block-gallery has-nested-images columns-default is-cropped wp-block-gallery-2 is-layout-flex wp-block-gallery-is-layout-flex\">\n<figure class=\"wp-block-image size-large\"><img loading=\"lazy\" decoding=\"async\" width=\"720\" height=\"480\" data-id=\"9048\" src=\"https:\/\/derechosinfronteras.pe\/wp-content\/uploads\/2025\/11\/12.jpg\" alt=\"\" class=\"wp-image-9048\" srcset=\"https:\/\/derechosinfronteras.pe\/wp-content\/uploads\/2025\/11\/12.jpg 720w, https:\/\/derechosinfronteras.pe\/wp-content\/uploads\/2025\/11\/12-300x200.jpg 300w\" sizes=\"(max-width: 720px) 100vw, 720px\" \/><\/figure>\n<\/figure>\n\n\n\n<p class=\"has-medium-font-size\"><strong>Factores que agravan la situaci\u00f3n.<\/strong><\/p>\n\n\n\n<p class=\"has-medium-font-size\">El estudio muestra barreras estructurales y sociales que dificultan la atenci\u00f3n en salud:<\/p>\n\n\n\n<ul class=\"wp-block-list\">\n<li class=\"has-medium-font-size\">Largas esperas, limitaci\u00f3n de citas y ausencia de protocolos espec\u00edficos para personas afectadas por metales.<\/li>\n\n\n\n<li class=\"has-medium-font-size\">Sobrecarga de trabajo dom\u00e9stico y de cuidados, que reduce el tiempo disponible para atender su propia salud.<\/li>\n\n\n\n<li class=\"has-medium-font-size\">Testimonios de discriminaci\u00f3n ling\u00fc\u00edstica y cultural hacia mujeres quechua hablantes.<\/li>\n\n\n\n<li class=\"has-medium-font-size\">Escasa informaci\u00f3n y capacitaci\u00f3n del personal de salud sobre impactos de metales pesados.<\/li>\n<\/ul>\n\n\n\n<figure class=\"wp-block-image size-full\"><img loading=\"lazy\" decoding=\"async\" width=\"720\" height=\"480\" src=\"https:\/\/derechosinfronteras.pe\/wp-content\/uploads\/2025\/11\/6-2.jpg\" alt=\"\" class=\"wp-image-9054\" srcset=\"https:\/\/derechosinfronteras.pe\/wp-content\/uploads\/2025\/11\/6-2.jpg 720w, https:\/\/derechosinfronteras.pe\/wp-content\/uploads\/2025\/11\/6-2-300x200.jpg 300w\" sizes=\"(max-width: 720px) 100vw, 720px\" \/><\/figure>\n\n\n\n<p class=\"has-medium-font-size\"><strong>Importancia de una atenci\u00f3n integral.<\/strong><\/p>\n\n\n\n<p class=\"has-medium-font-size\">Los metales como ars\u00e9nico, cadmio, plomo y mercurio presentan efectos documentados en la salud materna y reproductiva: alteraciones hormonales, infertilidad, malformaciones cong\u00e9nitas, retardo del crecimiento fetal, abortos espont\u00e1neos y complicaciones en neonatos. Asimismo, generan impactos emocionales como ansiedad, miedo e incertidumbre en ellas y sus familias.<\/p>\n\n\n\n<figure class=\"wp-block-gallery has-nested-images columns-default is-cropped wp-block-gallery-3 is-layout-flex wp-block-gallery-is-layout-flex\">\n<figure class=\"wp-block-image size-large\"><img loading=\"lazy\" decoding=\"async\" width=\"720\" height=\"480\" data-id=\"9052\" src=\"https:\/\/derechosinfronteras.pe\/wp-content\/uploads\/2025\/11\/5-1.jpg\" alt=\"\" class=\"wp-image-9052\" srcset=\"https:\/\/derechosinfronteras.pe\/wp-content\/uploads\/2025\/11\/5-1.jpg 720w, https:\/\/derechosinfronteras.pe\/wp-content\/uploads\/2025\/11\/5-1-300x200.jpg 300w\" sizes=\"(max-width: 720px) 100vw, 720px\" \/><\/figure>\n\n\n\n<figure class=\"wp-block-image size-full\"><img loading=\"lazy\" decoding=\"async\" width=\"720\" height=\"480\" data-id=\"9055\" src=\"https:\/\/derechosinfronteras.pe\/wp-content\/uploads\/2025\/11\/9.jpg\" alt=\"\" class=\"wp-image-9055\" srcset=\"https:\/\/derechosinfronteras.pe\/wp-content\/uploads\/2025\/11\/9.jpg 720w, https:\/\/derechosinfronteras.pe\/wp-content\/uploads\/2025\/11\/9-300x200.jpg 300w\" sizes=\"(max-width: 720px) 100vw, 720px\" \/><\/figure>\n<\/figure>\n\n\n\n<p class=\"has-medium-font-size\">Desde DHSF, reafirmamos nuestro compromiso con la producci\u00f3n de informaci\u00f3n rigurosa, la promoci\u00f3n de acciones preventivas y el fortalecimiento comunitario para contribuir al ejercicio del derecho a la salud y a un ambiente saludable de todas las mujeres de Espinar.<\/p>\n\n\n\n<p class=\"has-medium-font-size\">Accede al estudio completo en el link: <a href=\"https:\/\/derechosinfronteras.pe\/wp-content\/uploads\/2025\/11\/Atencion-a-mujeres-de-Espinar-afectadas-por-metales-y-metaloides.pdf\">https:\/\/derechosinfronteras.pe\/wp-content\/uploads\/2025\/11\/Atencion-a-mujeres-de-Espinar-afectadas-por-metales-y-metaloides.pdf<\/a><\/p>\n\n\n\n<p class=\"has-medium-font-size\">Por: Victor Ligarda &#8211; \u00c1rea de comunicaci\u00f3n DHSF.<\/p>\n\n\n\n<p><\/p>","protected":false},"excerpt":{"rendered":"<p>Presentamos los resultados del estudio \u201cAtenci\u00f3n a mujeres de Espinar afectadas por metales y metaloides e identificaci\u00f3n de impactos en su salud sexual y reproductiva\u201d, elaborado junto con la Coordinadora Nacional de Derechos Humanos y la Escuela Profesional de Obstetricia de la Universidad Andina del Cusco. El estudio revis\u00f3 325 historias cl\u00ednicas de mujeres en [&hellip;]<\/p>\n","protected":false},"author":1,"featured_media":9054,"comment_status":"open","ping_status":"open","sticky":false,"template":"","format":"standard","meta":{"_monsterinsights_skip_tracking":false,"_monsterinsights_sitenote_active":false,"_monsterinsights_sitenote_note":"","_monsterinsights_sitenote_category":0,"_jetpack_memberships_contains_paid_content":false,"footnotes":"","jetpack_publicize_message":"","jetpack_publicize_feature_enabled":true,"jetpack_social_post_already_shared":false,"jetpack_social_options":{"image_generator_settings":{"template":"highway","default_image_id":0,"font":"","enabled":false},"version":2}},"categories":[157,186],"tags":[],"class_list":["post-9042","post","type-post","status-publish","format-standard","has-post-thumbnail","hentry","category-area-de-comunicacion","category-noticias"],"blocksy_meta":[],"jetpack_publicize_connections":[],"jetpack_featured_media_url":"https:\/\/derechosinfronteras.pe\/wp-content\/uploads\/2025\/11\/6-2.jpg","jetpack_sharing_enabled":true,"jetpack_likes_enabled":true,"_links":{"self":[{"href":"https:\/\/derechosinfronteras.pe\/ingles\/wp-json\/wp\/v2\/posts\/9042","targetHints":{"allow":["GET"]}}],"collection":[{"href":"https:\/\/derechosinfronteras.pe\/ingles\/wp-json\/wp\/v2\/posts"}],"about":[{"href":"https:\/\/derechosinfronteras.pe\/ingles\/wp-json\/wp\/v2\/types\/post"}],"author":[{"embeddable":true,"href":"https:\/\/derechosinfronteras.pe\/ingles\/wp-json\/wp\/v2\/users\/1"}],"replies":[{"embeddable":true,"href":"https:\/\/derechosinfronteras.pe\/ingles\/wp-json\/wp\/v2\/comments?post=9042"}],"version-history":[{"count":2,"href":"https:\/\/derechosinfronteras.pe\/ingles\/wp-json\/wp\/v2\/posts\/9042\/revisions"}],"predecessor-version":[{"id":9066,"href":"https:\/\/derechosinfronteras.pe\/ingles\/wp-json\/wp\/v2\/posts\/9042\/revisions\/9066"}],"wp:featuredmedia":[{"embeddable":true,"href":"https:\/\/derechosinfronteras.pe\/ingles\/wp-json\/wp\/v2\/media\/9054"}],"wp:attachment":[{"href":"https:\/\/derechosinfronteras.pe\/ingles\/wp-json\/wp\/v2\/media?parent=9042"}],"wp:term":[{"taxonomy":"category","embeddable":true,"href":"https:\/\/derechosinfronteras.pe\/ingles\/wp-json\/wp\/v2\/categories?post=9042"},{"taxonomy":"post_tag","embeddable":true,"href":"https:\/\/derechosinfronteras.pe\/ingles\/wp-json\/wp\/v2\/tags?post=9042"}],"curies":[{"name":"wp","href":"https:\/\/api.w.org\/{rel}","templated":true}]}}