{"id":9076,"date":"2025-11-28T18:41:59","date_gmt":"2025-11-28T23:41:59","guid":{"rendered":"https:\/\/derechosinfronteras.pe\/?p=9076"},"modified":"2025-11-28T18:42:00","modified_gmt":"2025-11-28T23:42:00","slug":"multa-millonaria-a-antapaccay-la-sancion-que-vuelve-a-poner-a-espinar-en-alerta-ambiental","status":"publish","type":"post","link":"https:\/\/derechosinfronteras.pe\/ingles\/multa-millonaria-a-antapaccay-la-sancion-que-vuelve-a-poner-a-espinar-en-alerta-ambiental\/","title":{"rendered":"Multa millonaria a Antapaccay: la sanci\u00f3n que vuelve a poner a Espinar en alerta ambiental"},"content":{"rendered":"<p class=\"has-medium-font-size\">El anuncio de una multa de S\/ 5,57 millones contra la minera Antapaccay, operada por la multinacional Glencore, no sorprende en una provincia donde las alertas ambientales se repiten a\u00f1o tras a\u00f1o; m\u00e1s bien es la confirmaci\u00f3n de una preocupaci\u00f3n que las comunidades de Espinar vienen sosteniendo desde hace m\u00e1s de una d\u00e9cada; la expansi\u00f3n minera contin\u00faa generando impactos ambientales y riesgos a la salud que no han sido atendidos con la urgencia necesaria hasta la actualidad.<\/p>\n\n\n\n<figure class=\"wp-block-image size-full\"><img fetchpriority=\"high\" decoding=\"async\" width=\"983\" height=\"692\" src=\"https:\/\/derechosinfronteras.pe\/wp-content\/uploads\/2025\/11\/Sin-titulo.jpg\" alt=\"\" class=\"wp-image-9079\" srcset=\"https:\/\/derechosinfronteras.pe\/wp-content\/uploads\/2025\/11\/Sin-titulo.jpg 983w, https:\/\/derechosinfronteras.pe\/wp-content\/uploads\/2025\/11\/Sin-titulo-300x211.jpg 300w, https:\/\/derechosinfronteras.pe\/wp-content\/uploads\/2025\/11\/Sin-titulo-768x541.jpg 768w\" sizes=\"(max-width: 983px) 100vw, 983px\" \/><\/figure>\n\n\n\n<p class=\"has-medium-font-size\">El Organismo de Evaluaci\u00f3n y Fiscalizaci\u00f3n Ambiental (OEFA) verific\u00f3, tras monitoreos entre 2022 y 2023, que Antapaccay no aplic\u00f3 las medidas para controlar el material particulado proveniente de su Tajo Sur. Ese polvo cargado de cobre y otros metales afect\u00f3 directamente la flora, la fauna y el territorio de Alto Huarca, una comunidad campesina que desde hace a\u00f1os convive con los impactos silenciosos del polvo por actividad minera.<\/p>\n\n\n\n<p class=\"has-medium-font-size\">Aunque la empresa minera sostiene que opera dentro de los par\u00e1metros permitidos y ha apelado la sanci\u00f3n, el expediente ya pas\u00f3 a revisi\u00f3n del Tribunal de Fiscalizaci\u00f3n Ambiental del Per\u00fa. El debate, sin embargo, no es solo t\u00e9cnico. En Espinar, cada hallazgo ambiental revive un historial de estudios, alertas y diagn\u00f3sticos pendientes.<\/p>\n\n\n\n<p class=\"has-medium-font-size\"><strong>La solidez de los informes del OEFA<\/strong><\/p>\n\n\n\n<p class=\"has-medium-font-size\">Pese diversos cuestionamientos de la minera Glencore, los informes del OEFA han recibido una validaci\u00f3n de peso: el an\u00e1lisis independiente de Bernhard Wehrli, experto de la ETH de Z\u00farich, una de las instituciones cient\u00edficas m\u00e1s prestigiosas del mundo. Wehrli concluy\u00f3 que los informes 00095 y 00144 que documentan contaminaci\u00f3n en aguas superficiales y subterr\u00e1neas cumplen est\u00e1ndares cient\u00edficos internacionales.<\/p>\n\n\n\n<figure class=\"wp-block-image size-full\"><img decoding=\"async\" width=\"988\" height=\"553\" src=\"https:\/\/derechosinfronteras.pe\/wp-content\/uploads\/2025\/11\/Sin-titulo-1.jpg\" alt=\"\" class=\"wp-image-9080\" srcset=\"https:\/\/derechosinfronteras.pe\/wp-content\/uploads\/2025\/11\/Sin-titulo-1.jpg 988w, https:\/\/derechosinfronteras.pe\/wp-content\/uploads\/2025\/11\/Sin-titulo-1-300x168.jpg 300w, https:\/\/derechosinfronteras.pe\/wp-content\/uploads\/2025\/11\/Sin-titulo-1-768x430.jpg 768w\" sizes=\"(max-width: 988px) 100vw, 988px\" \/><\/figure>\n\n\n\n<p class=\"has-medium-font-size\">El investigador destac\u00f3 el uso de m\u00faltiples estaciones de muestreo, an\u00e1lisis geoqu\u00edmicos reproducibles y un modelo ambiental claro, capaz de establecer relaciones causa-efecto entre la actividad extractiva y la presencia de contaminantes en el entorno. Para Wehrli, la respuesta a la pregunta sobre si existe v\u00ednculo entre la operaci\u00f3n minera y los contaminantes hallados en Espinar es un \u201cs\u00ed\u201d rotundo.<\/p>\n\n\n\n<p class=\"has-medium-font-size\"><strong>Una historia que se repite: antecedentes que nadie deber\u00eda ignorar<\/strong><\/p>\n\n\n\n<p class=\"has-medium-font-size\">La multa del OEFA solo confirma una preocupaci\u00f3n que viene siendo documentada desde hace al menos 15 a\u00f1os. Tres antecedentes emblem\u00e1ticos lo muestran:<\/p>\n\n\n\n<ul class=\"wp-block-list\">\n<li class=\"has-medium-font-size\"><strong>\u00a0Estudios del Censopas (2010\u20132013):<\/strong><\/li>\n<\/ul>\n\n\n\n<p class=\"has-medium-font-size\">Entre 2010 y 2013, el Centro Nacional de Salud Ocupacional y Protecci\u00f3n del Medio Ambiente para la Salud (Censopas) identific\u00f3 presencia de plomo, ars\u00e9nico y cadmio en muestras de sangre y orina tomadas a habitantes de Espinar. Desde entonces, no se han publicado nuevos estudios oficiales que permitan conocer la evoluci\u00f3n de la exposici\u00f3n a estos elementos. Para Alfonso Apesteguia Infantes, exdirector del Centro de Informaci\u00f3n y Control Toxicol\u00f3gico de la Universidad Nacional Mayor de San Marcos, es necesario realizar tamizajes de sangre y orina \u201csin retrasos\u201d para determinar acumulaciones de minerales en el organismo.<\/p>\n\n\n\n<ul class=\"wp-block-list\">\n<li class=\"has-medium-font-size\"><strong>Informes de OEFA (2022):<\/strong><\/li>\n<\/ul>\n\n\n\n<p class=\"has-medium-font-size\">El Organismo de Evaluaci\u00f3n y Fiscalizaci\u00f3n Ambiental (OEFA) public\u00f3 en 2022 el informe \u201cEvaluaci\u00f3n ambiental de seguimiento de la calidad del aire en el corredor vial Apur\u00edmac\u2013Cusco, distrito Espinar\u201d (c\u00f3digo INF_00008-2022-OEFA-DEAM-STEC). Este documento monitore\u00f3 la calidad del aire entre enero y setiembre de ese a\u00f1o y registr\u00f3 52 superaciones del Est\u00e1ndar de Calidad Ambiental (ECA) para PM10, evidencia de episodios reiterados de material particulado elevado en la zona.<\/p>\n\n\n\n<ul class=\"wp-block-list\">\n<li class=\"has-medium-font-size\"><strong>Informes de Oxfam y organizaciones nacionales:<\/strong><\/li>\n<\/ul>\n\n\n\n<p class=\"has-medium-font-size\">Organizaciones como CooperAcci\u00f3n y Oxfam Per\u00fa han difundido, con base en evaluaciones oficiales de OEFA realizadas entre 2022 y 2023, alertas p\u00fablicas sobre afectaciones a la calidad del aire, del agua y del suelo, as\u00ed como la presencia de metales en comunidades de Espinar vinculadas a la operaci\u00f3n minera.<\/p>\n\n\n\n<p class=\"has-medium-font-size\">Adem\u00e1s, especialistas consultados por estas organizaciones han se\u00f1alado que la ausencia de estudios de salud actualizados constituye una brecha cr\u00edtica y han subrayado la necesidad de realizar tamizajes de sangre y orina \u201csin retrasos\u201d.<\/p>\n\n\n\n<p class=\"has-medium-font-size\"><strong>Impactos en las comunidades: d\u00e9cadas de exposici\u00f3n y un ciclo de conflicto<\/strong><\/p>\n\n\n\n<p class=\"has-medium-font-size\">Para Alto Huarca, Huisa, Huano Huano, Alto Huancan\u00e9 y decenas de comunidades aleda\u00f1as, la presencia de metales pesados no es un dato estad\u00edstico: es una experiencia cotidiana.<\/p>\n\n\n\n<p class=\"has-medium-font-size\">La degradaci\u00f3n del suelo afecta el pastoreo; la contaminaci\u00f3n del agua compromete la ganader\u00eda; la falta de estudios actualizados mantiene a las familias sin claridad sobre su propia salud.<\/p>\n\n\n\n<p class=\"has-medium-font-size\">En este contexto, la desconfianza social se profundiza y cada proceso de expansi\u00f3n minera incluido Coroccohuayco encuentra un territorio cansado de promesas sin respuestas.<\/p>\n\n\n\n<p class=\"has-medium-font-size\"><strong>Una multa que confirma un problema mayor<\/strong><\/p>\n\n\n\n<p class=\"has-medium-font-size\">La sanci\u00f3n contra Antapaccay no resuelve la contaminaci\u00f3n en Espinar, pero documenta lo que las comunidades vienen diciendo: los impactos ambientales existen, son medibles y tienen conexi\u00f3n con la actividad extractiva.<\/p>\n\n\n\n<p class=\"has-medium-font-size\">El reto ahora es mayor; actualizar los estudios de salud poblacional, implementar medidas de control efectivas, garantizar transparencia en la informaci\u00f3n y asegurar procesos de participaci\u00f3n que reconozcan la experiencia de las comunidades afectadas.<\/p>\n\n\n\n<p class=\"has-medium-font-size\">Fuentes:<\/p>\n\n\n\n<p><a href=\"https:\/\/www.business-humanrights.org\/es\/latest-news\/per%C3%BA-organismo-de-evaluaci%C3%B3n-y-fiscalizaci%C3%B3n-ambiental-oefa-impone-sanci%C3%B3n-por-asuntos-ambientales-a-empresa-minera-glencore\" target=\"_blank\" rel=\"noopener\">https:\/\/www.business-humanrights.org\/es\/latest-news\/per%C3%BA-organismo-de-evaluaci%C3%B3n-y-fiscalizaci%C3%B3n-ambiental-oefa-impone-sanci%C3%B3n-por-asuntos-ambientales-a-empresa-minera-glencore<\/a><\/p>\n\n\n\n<p><a href=\"https:\/\/www.infobae.com\/peru\/2025\/11\/26\/multa-millonaria-a-glencore-antapaccay-oefa-confirma-contaminacion-que-compromete-a-comunidades-quechuas\" target=\"_blank\" rel=\"noopener\">https:\/\/www.infobae.com\/peru\/2025\/11\/26\/multa-millonaria-a-glencore-antapaccay-oefa-confirma-contaminacion-que-compromete-a-comunidades-quechuas<\/a><\/p>\n\n\n\n<p>Organismo de Evaluaci\u00f3n y Fiscalizaci\u00f3n Ambiental (OEFA) Resoluci\u00f3n Directoral de multa a Compa\u00f1\u00eda Minera Antapaccay (2024).<\/p>\n\n\n\n<p>Informes 00095-2023, 00144-2023 y 438-2022. Monitoreos ambientales en Espinar (2022\u20132023). Evaluaci\u00f3n t\u00e9cnica de informes OEFA 00095 y 00144 (2024).<\/p>\n\n\n\n<p>CENSOPAS \u2013 Instituto Nacional de Salud. Estudio de exposici\u00f3n a metales pesados en Espinar (2010\u20132013).<\/p>\n\n\n\n<p>ETH Z\u00fcrich \u2013 An\u00e1lisis independiente de Bernhard Wehrli. Evaluaci\u00f3n t\u00e9cnica de informes OEFA 00095 y 00144 (2024).<\/p>\n\n\n\n<p>Estad\u00edsticas de EDA, insuficiencia renal y reporte epidemiol\u00f3gico (2020\u20132024).<\/p>\n\n\n\n<p>Oxfam y organizaciones nacionales. Informes sobre exposici\u00f3n a metales pesados y riesgos socioambientales en la provincia de Espinar (2012\u20132023).<\/p>","protected":false},"excerpt":{"rendered":"<p>El anuncio de una multa de S\/ 5,57 millones contra la minera Antapaccay, operada por la multinacional Glencore, no sorprende en una provincia donde las alertas ambientales se repiten a\u00f1o tras a\u00f1o; m\u00e1s bien es la confirmaci\u00f3n de una preocupaci\u00f3n que las comunidades de Espinar vienen sosteniendo desde hace m\u00e1s de una d\u00e9cada; la expansi\u00f3n [&hellip;]<\/p>\n","protected":false},"author":1,"featured_media":9080,"comment_status":"open","ping_status":"open","sticky":false,"template":"","format":"standard","meta":{"_monsterinsights_skip_tracking":false,"_monsterinsights_sitenote_active":false,"_monsterinsights_sitenote_note":"","_monsterinsights_sitenote_category":0,"_jetpack_memberships_contains_paid_content":false,"footnotes":"","jetpack_publicize_message":"","jetpack_publicize_feature_enabled":true,"jetpack_social_post_already_shared":false,"jetpack_social_options":{"image_generator_settings":{"template":"highway","default_image_id":0,"font":"","enabled":false},"version":2}},"categories":[1],"tags":[],"class_list":["post-9076","post","type-post","status-publish","format-standard","has-post-thumbnail","hentry","category-sin-categoria"],"blocksy_meta":[],"jetpack_publicize_connections":[],"jetpack_featured_media_url":"https:\/\/derechosinfronteras.pe\/wp-content\/uploads\/2025\/11\/Sin-titulo-1.jpg","jetpack_sharing_enabled":true,"jetpack_likes_enabled":true,"_links":{"self":[{"href":"https:\/\/derechosinfronteras.pe\/ingles\/wp-json\/wp\/v2\/posts\/9076","targetHints":{"allow":["GET"]}}],"collection":[{"href":"https:\/\/derechosinfronteras.pe\/ingles\/wp-json\/wp\/v2\/posts"}],"about":[{"href":"https:\/\/derechosinfronteras.pe\/ingles\/wp-json\/wp\/v2\/types\/post"}],"author":[{"embeddable":true,"href":"https:\/\/derechosinfronteras.pe\/ingles\/wp-json\/wp\/v2\/users\/1"}],"replies":[{"embeddable":true,"href":"https:\/\/derechosinfronteras.pe\/ingles\/wp-json\/wp\/v2\/comments?post=9076"}],"version-history":[{"count":1,"href":"https:\/\/derechosinfronteras.pe\/ingles\/wp-json\/wp\/v2\/posts\/9076\/revisions"}],"predecessor-version":[{"id":9081,"href":"https:\/\/derechosinfronteras.pe\/ingles\/wp-json\/wp\/v2\/posts\/9076\/revisions\/9081"}],"wp:featuredmedia":[{"embeddable":true,"href":"https:\/\/derechosinfronteras.pe\/ingles\/wp-json\/wp\/v2\/media\/9080"}],"wp:attachment":[{"href":"https:\/\/derechosinfronteras.pe\/ingles\/wp-json\/wp\/v2\/media?parent=9076"}],"wp:term":[{"taxonomy":"category","embeddable":true,"href":"https:\/\/derechosinfronteras.pe\/ingles\/wp-json\/wp\/v2\/categories?post=9076"},{"taxonomy":"post_tag","embeddable":true,"href":"https:\/\/derechosinfronteras.pe\/ingles\/wp-json\/wp\/v2\/tags?post=9076"}],"curies":[{"name":"wp","href":"https:\/\/api.w.org\/{rel}","templated":true}]}}