{"id":9083,"date":"2026-01-14T17:32:32","date_gmt":"2026-01-14T22:32:32","guid":{"rendered":"https:\/\/derechosinfronteras.pe\/?p=9083"},"modified":"2026-01-14T17:32:32","modified_gmt":"2026-01-14T22:32:32","slug":"apoyar-una-protesta-social-podria-llevarte-a-prision-los-riesgos-del-decreto-legislativo-n-1589","status":"publish","type":"post","link":"https:\/\/derechosinfronteras.pe\/ingles\/apoyar-una-protesta-social-podria-llevarte-a-prision-los-riesgos-del-decreto-legislativo-n-1589\/","title":{"rendered":"Apoyar una protesta social podr\u00eda llevarte a prisi\u00f3n: los riesgos del Decreto Legislativo N.\u00b0 1589"},"content":{"rendered":"<p class=\"has-medium-font-size\">El Decreto Legislativo N.\u00b0 1589, publicado el 4 de diciembre de 2023, realiz\u00f3 modificaciones al C\u00f3digo Penal. La norma ampl\u00eda los supuestos de delitos penales vinculados a la protesta social y establece un marco normativo que puede criminalizar no solo a quienes protestan, sino tambi\u00e9n el apoyo solidario a una manifestaci\u00f3n social.<\/p>\n\n\n\n<p class=\"has-medium-font-size\">Frente a este escenario, el Colegio de Abogados de Puno present\u00f3 ante el Tribunal Constitucional una demanda de inconstitucionalidad contra el art\u00edculo 2 del Decreto Legislativo N.\u00b0 1589, que modifica el inciso 3 del art\u00edculo 283 del C\u00f3digo Penal, as\u00ed como contra el art\u00edculo 3 del mismo decreto, que incorpora los nuevos art\u00edculos 283-A y 315-B.<\/p>\n\n\n\n<p class=\"has-medium-font-size\">Seg\u00fan el gremio jur\u00eddico de Puno, estas disposiciones constituyen una injerencia y restricci\u00f3n inconstitucional del derecho a la protesta y a la reuni\u00f3n pac\u00edfica, reconocidos en la Constituci\u00f3n Pol\u00edtica del Per\u00fa y en los tratados internacionales de derechos humanos.<\/p>\n\n\n\n<p class=\"has-medium-font-size\">El Tribunal Constitucional ha programado audiencia para el 20 de enero, a las 9:00a.m., y ser\u00e1 un momento clave para evaluar si el Estado corrige un marco normativo que hoy debilita el derecho a la protesta y la participaci\u00f3n democr\u00e1tica.<\/p>\n\n\n\n<p class=\"has-medium-font-size\"><strong>\u00bfQu\u00e9 modifica el Decreto Legislativo N.\u00b0 1589?<\/strong><\/p>\n\n\n\n<p class=\"has-medium-font-size\">Los nuevos art\u00edculos 283-A y 315-B introducen el delito de colaboraci\u00f3n en los supuestos de entorpecimiento del funcionamiento de los servicios p\u00fablicos y de disturbios, estableciendo penas de 3 a 5 a\u00f1os y de 4 a 6 a\u00f1os de prisi\u00f3n, respectivamente.<\/p>\n\n\n\n<p class=\"has-medium-font-size\">En la pr\u00e1ctica, esto significa que actos de apoyo solidario pueden ser considerados delito. Por ejemplo:<\/p>\n\n\n\n<ul class=\"wp-block-list\">\n<li class=\"has-medium-font-size\">Entregar agua, alimentos, mascarillas o banderolas a quienes participan en una protesta.<\/li>\n\n\n\n<li class=\"has-medium-font-size\">Apoyar econ\u00f3micamente el traslado de manifestantes, especialmente de personas que llegan desde las regiones a Lima.<\/li>\n\n\n\n<li class=\"has-medium-font-size\">Colaborar con la organizaci\u00f3n log\u00edstica de una movilizaci\u00f3n.<\/li>\n\n\n\n<li class=\"has-medium-font-size\">Apoyar en ollas comunes que brindan alimento a manifestantes.<\/li>\n<\/ul>\n\n\n\n<p class=\"has-medium-font-size\">Estas acciones, que forman parte del ejercicio leg\u00edtimo del derecho a la protesta, podr\u00edan ser interpretadas como \u201ccolaboraci\u00f3n\u201d delictiva, exponiendo a procesos penales a quienes ejercen labores de acompa\u00f1amiento y defensa de derechos humanos.<\/p>\n\n\n\n<p class=\"has-medium-font-size\"><strong>El problema de fondo: todo es tratado como delito de disturbios<\/strong><\/p>\n\n\n\n<p class=\"has-medium-font-size\">Uno de los problemas centrales del Decreto Legislativo N.\u00b0 1589 es que no diferencia entre una manifestaci\u00f3n pac\u00edfica y actos de violencia. Bajo este enfoque, toda afectaci\u00f3n al tr\u00e1nsito o a servicios p\u00fablicos es tratada como delito de disturbios.<\/p>\n\n\n\n<p class=\"has-medium-font-size\">Seg\u00fan est\u00e1ndares internacionales, un disturbio implica uso de la fuerza con intenci\u00f3n de causar da\u00f1o a personas o graves afectaciones a la propiedad, algo muy distinto a una medida de fuerza propia de una movilizaci\u00f3n social, no toda medida de fuerza constituye violencia. Interrumpir temporalmente de una v\u00eda p\u00fablica de comunicaci\u00f3n no necesariamente se convierte autom\u00e1ticamente en una protesta violenta.<\/p>\n\n\n\n<p class=\"has-medium-font-size\">La Oficina del Alto Comisionado de las Naciones Unidas para los Derechos Humanos, en su informe del 19 de octubre de 2023, concluyo que la mayor\u00eda de las protestas sociales en el Per\u00fa fueron pac\u00edficas y advirti\u00f3 sobre el uso arbitrario de las fuerzas del Estado. El informe precisa que una interrupci\u00f3n temporal de tr\u00e1nsito no constituye violencia, salvo que la perturbaci\u00f3n sea grave y sostenida.<\/p>\n\n\n\n<p class=\"has-medium-font-size\">Por su parte, la Comisi\u00f3n Interamericana de Derechos Humanos (CIDH) ha se\u00f1alado que las protestas sociales son indispensables para la democracia, y que las calles y plazas son espacios privilegiados para la expresi\u00f3n p\u00fablica.<\/p>\n\n\n\n<p class=\"has-medium-font-size\">De acuerdo con la Defensor\u00eda del Pueblo, desde el 7 de diciembre de 2022 se han registrado 1 327 actos de protesta en el pa\u00eds. De ellos, solo 153 fueron violentos.<\/p>\n\n\n\n<p class=\"has-medium-font-size\">Estas cifras evidencian que la protesta pac\u00edfica es mayoritaria y cuestionan una narrativa estatal que generaliza la violencia y presenta la protesta como sin\u00f3nimo de disturbio.<\/p>\n\n\n\n<p class=\"has-medium-font-size\"><strong>Una norma que impacta directamente en defensores de derechos humanos<\/strong><\/p>\n\n\n\n<p class=\"has-medium-font-size\">Al no diferenciar entre violencia y protesta pac\u00edfica, ni entre delito y solidaridad, el Decreto Legislativo N.\u00b0 1589 expone a las personas defensoras de derechos humanos a procesos de criminalizaci\u00f3n por realizar labores leg\u00edtimas de acompa\u00f1amiento, apoyo y organizaci\u00f3n social.<\/p>\n\n\n\n<p class=\"has-medium-font-size\">Para las personas defensoras de derechos humanos, este marco normativo supone un riesgo directo de criminalizaci\u00f3n por realizar labores leg\u00edtimas de acompa\u00f1amiento, organizaci\u00f3n y apoyo ciudadano. La audiencia del 20 de enero ser\u00e1 clave para definir si el Estado peruano corrige este rumbo o profundiza un enfoque que debilita la democracia y restringe derechos fundamentales.<\/p>\n\n\n\n<p>Fuente: <\/p>\n\n\n\n<p><a href=\"https:\/\/es.scribd.com\/document\/642560728\/Informe-SituacionDDHH-Peru-3#from_embed\" target=\"_blank\" rel=\"noopener\">https:\/\/es.scribd.com\/document\/642560728\/Informe-SituacionDDHH-Peru-3#from_embed<\/a><\/p>\n\n\n\n<p><a href=\"https:\/\/noticia.educacionenred.pe\/2023\/12\/dleg-1589-decreto-legislativo-que-modifica-codigo-penal-aprobado-decreto-legislativo-288121.html\" target=\"_blank\" rel=\"noopener\">https:\/\/noticia.educacionenred.pe\/2023\/12\/dleg-1589-decreto-legislativo-que-modifica-codigo-penal-aprobado-decreto-legislativo-288121.html<\/a> <\/p>\n\n\n\n<p><a href=\"https:\/\/www.defensoria.gob.pe\/defensoria-del-pueblo-plantea-acciones-para-encontrar-una-salida-pacifica-a-la-crisis-politica-investigar-profunda-y-oportunamente-las-muertes-perpetradas\/?utm_source=chatgpt.com\" target=\"_blank\" rel=\"noopener\">https:\/\/www.defensoria.gob.pe\/defensoria-del-pueblo-plantea-acciones-para-encontrar-una-salida-pacifica-a-la-crisis-politica-investigar-profunda-y-oportunamente-las-muertes-perpetradas\/?utm_source=chatgpt.com<\/a><\/p>\n\n\n\n<p><a href=\"https:\/\/www.idl.org.pe\/dl-no-1589-nueva-norma-que-criminaliza-las-tomas-de-carreteras-y-los-actos-de-colaboracion-y-apoyo-solidario-en-las-protestas\/?utm_source=chatgpt.com\" target=\"_blank\" rel=\"noopener\">https:\/\/www.idl.org.pe\/dl-no-1589-nueva-norma-que-criminaliza-las-tomas-de-carreteras-y-los-actos-de-colaboracion-y-apoyo-solidario-en-las-protestas\/?utm_source=chatgpt.com<\/a><\/p>\n\n\n\n<p class=\"has-medium-font-size\">Escribe: Victor Ligarda &#8211; Comunicaciones DHSF<\/p>\n\n\n\n<p><\/p>","protected":false},"excerpt":{"rendered":"<p>El Decreto Legislativo N.\u00b0 1589, publicado el 4 de diciembre de 2023, realiz\u00f3 modificaciones al C\u00f3digo Penal. La norma ampl\u00eda los supuestos de delitos penales vinculados a la protesta social y establece un marco normativo que puede criminalizar no solo a quienes protestan, sino tambi\u00e9n el apoyo solidario a una manifestaci\u00f3n social. Frente a este [&hellip;]<\/p>\n","protected":false},"author":1,"featured_media":9085,"comment_status":"open","ping_status":"open","sticky":false,"template":"","format":"standard","meta":{"_monsterinsights_skip_tracking":false,"_monsterinsights_sitenote_active":false,"_monsterinsights_sitenote_note":"","_monsterinsights_sitenote_category":0,"_jetpack_memberships_contains_paid_content":false,"footnotes":"","jetpack_publicize_message":"","jetpack_publicize_feature_enabled":true,"jetpack_social_post_already_shared":false,"jetpack_social_options":{"image_generator_settings":{"template":"highway","default_image_id":0,"font":"","enabled":false},"version":2}},"categories":[157,188],"tags":[],"class_list":["post-9083","post","type-post","status-publish","format-standard","has-post-thumbnail","hentry","category-area-de-comunicacion","category-articulos"],"blocksy_meta":[],"jetpack_publicize_connections":[],"jetpack_featured_media_url":"https:\/\/derechosinfronteras.pe\/wp-content\/uploads\/2026\/01\/10.jpg","jetpack_sharing_enabled":true,"jetpack_likes_enabled":true,"_links":{"self":[{"href":"https:\/\/derechosinfronteras.pe\/ingles\/wp-json\/wp\/v2\/posts\/9083","targetHints":{"allow":["GET"]}}],"collection":[{"href":"https:\/\/derechosinfronteras.pe\/ingles\/wp-json\/wp\/v2\/posts"}],"about":[{"href":"https:\/\/derechosinfronteras.pe\/ingles\/wp-json\/wp\/v2\/types\/post"}],"author":[{"embeddable":true,"href":"https:\/\/derechosinfronteras.pe\/ingles\/wp-json\/wp\/v2\/users\/1"}],"replies":[{"embeddable":true,"href":"https:\/\/derechosinfronteras.pe\/ingles\/wp-json\/wp\/v2\/comments?post=9083"}],"version-history":[{"count":1,"href":"https:\/\/derechosinfronteras.pe\/ingles\/wp-json\/wp\/v2\/posts\/9083\/revisions"}],"predecessor-version":[{"id":9086,"href":"https:\/\/derechosinfronteras.pe\/ingles\/wp-json\/wp\/v2\/posts\/9083\/revisions\/9086"}],"wp:featuredmedia":[{"embeddable":true,"href":"https:\/\/derechosinfronteras.pe\/ingles\/wp-json\/wp\/v2\/media\/9085"}],"wp:attachment":[{"href":"https:\/\/derechosinfronteras.pe\/ingles\/wp-json\/wp\/v2\/media?parent=9083"}],"wp:term":[{"taxonomy":"category","embeddable":true,"href":"https:\/\/derechosinfronteras.pe\/ingles\/wp-json\/wp\/v2\/categories?post=9083"},{"taxonomy":"post_tag","embeddable":true,"href":"https:\/\/derechosinfronteras.pe\/ingles\/wp-json\/wp\/v2\/tags?post=9083"}],"curies":[{"name":"wp","href":"https:\/\/api.w.org\/{rel}","templated":true}]}}