{"id":9096,"date":"2026-02-10T10:25:45","date_gmt":"2026-02-10T15:25:45","guid":{"rendered":"https:\/\/derechosinfronteras.pe\/?p=9096"},"modified":"2026-02-10T10:27:17","modified_gmt":"2026-02-10T15:27:17","slug":"suspension-de-subgrupos-de-la-mesa-de-dialogo-de-espinar-genera-preocupacion-por-atencion-en-salud-y-justicia","status":"publish","type":"post","link":"https:\/\/derechosinfronteras.pe\/ingles\/suspension-de-subgrupos-de-la-mesa-de-dialogo-de-espinar-genera-preocupacion-por-atencion-en-salud-y-justicia\/","title":{"rendered":"Suspensi\u00f3n de subgrupos de la Mesa de Di\u00e1logo de Espinar genera preocupaci\u00f3n por atenci\u00f3n en salud y justicia"},"content":{"rendered":"<p class=\"has-medium-font-size\">En menos de una semana, dos subgrupos claves de la Mesa de Di\u00e1logo de Espinar fueron suspendidos. Las organizaciones sociales se\u00f1alaron que esta situaci\u00f3n se da en un contexto de ausencia de respuestas concretas del Estado frente a la problem\u00e1tica de salud y derechos humanos de la poblaci\u00f3n afectada por metales pesados.<\/p>\n\n\n\n<figure class=\"wp-block-image size-full\"><img fetchpriority=\"high\" decoding=\"async\" width=\"1000\" height=\"559\" src=\"https:\/\/derechosinfronteras.pe\/wp-content\/uploads\/2026\/02\/web-1.png\" alt=\"\" class=\"wp-image-9105\" srcset=\"https:\/\/derechosinfronteras.pe\/wp-content\/uploads\/2026\/02\/web-1.png 1000w, https:\/\/derechosinfronteras.pe\/wp-content\/uploads\/2026\/02\/web-1-300x168.png 300w, https:\/\/derechosinfronteras.pe\/wp-content\/uploads\/2026\/02\/web-1-768x429.png 768w\" sizes=\"(max-width: 1000px) 100vw, 1000px\" \/><\/figure>\n\n\n\n<p class=\"has-medium-font-size\">Los d\u00edas 3 y 5 de febrero de 2026, en la provincia de Espinar, Cusco, estaba prevista la realizaci\u00f3n de las reuniones de los subgrupos de Salud, Metales Pesados y Contaminaci\u00f3n Ambiental, as\u00ed como de Justicia y Derechos Humanos; sin embargo, estas fueron suspendidas ante la ausencia de autoridades de alto nivel y la falta de medidas concretas para atender las problem\u00e1ticas que afectan a la poblaci\u00f3n espinarense.<\/p>\n\n\n\n<p class=\"has-medium-font-size\"><strong>Subgrupo N.\u00b0 2: Salud, Metales Pesados y Contaminaci\u00f3n Ambiental<\/strong><\/p>\n\n\n\n<p class=\"has-medium-font-size\">La reuni\u00f3n del Subgrupo N.\u00b0 2, programada para el 3 de febrero de 2026 en la Municipalidad Provincial de Espinar, fue suspendida debido a la inasistencia de autoridades de alto nivel del Ejecutivo, pese a que su presencia hab\u00eda sido solicitada para esta sesi\u00f3n.<\/p>\n\n\n\n<p class=\"has-medium-font-size\">Durante la sesi\u00f3n, las exposiciones del Ministerio del Ambiente (MINAM), el Ministerio de Salud (MINSA) y la Gerencia Regional de Salud (GERESA) no presentaron cronogramas ni presupuesto concreto para atender la problem\u00e1tica ambiental y sanitaria vinculada a la exposici\u00f3n a metales pesados.<\/p>\n\n\n\n<figure class=\"wp-block-gallery has-nested-images columns-default is-cropped wp-block-gallery-1 is-layout-flex wp-block-gallery-is-layout-flex\">\n<figure class=\"wp-block-image size-full\"><img decoding=\"async\" width=\"709\" height=\"1000\" data-id=\"9101\" src=\"https:\/\/derechosinfronteras.pe\/wp-content\/uploads\/2026\/02\/626780235_905162315589633_4459552040701497205_n-1.jpg\" alt=\"\" class=\"wp-image-9101\" srcset=\"https:\/\/derechosinfronteras.pe\/wp-content\/uploads\/2026\/02\/626780235_905162315589633_4459552040701497205_n-1.jpg 709w, https:\/\/derechosinfronteras.pe\/wp-content\/uploads\/2026\/02\/626780235_905162315589633_4459552040701497205_n-1-213x300.jpg 213w\" sizes=\"(max-width: 709px) 100vw, 709px\" \/><\/figure>\n\n\n\n<figure class=\"wp-block-image size-full\"><img decoding=\"async\" width=\"708\" height=\"1000\" data-id=\"9102\" src=\"https:\/\/derechosinfronteras.pe\/wp-content\/uploads\/2026\/02\/627053400_905162348922963_8012346704545058696_n-1.jpg\" alt=\"\" class=\"wp-image-9102\" srcset=\"https:\/\/derechosinfronteras.pe\/wp-content\/uploads\/2026\/02\/627053400_905162348922963_8012346704545058696_n-1.jpg 708w, https:\/\/derechosinfronteras.pe\/wp-content\/uploads\/2026\/02\/627053400_905162348922963_8012346704545058696_n-1-212x300.jpg 212w\" sizes=\"(max-width: 708px) 100vw, 708px\" \/><\/figure>\n<\/figure>\n\n\n\n<p class=\"has-medium-font-size\">Ante esta situaci\u00f3n, las organizaciones sociales plantearon que la pr\u00f3xima reuni\u00f3n sea liderada por ministros y que se aborde de manera prioritaria la Declaratoria de Emergencia Ambiental en la provincia de Espinar.<\/p>\n\n\n\n<p class=\"has-medium-font-size\"><strong>Subgrupo N.\u00b0 5: Justicia y Derechos Humanos<\/strong><\/p>\n\n\n\n<p class=\"has-medium-font-size\">La reuni\u00f3n del Subgrupo de Trabajo N.\u00b0 5, programada para el 5 de febrero de 2026, fue igualmente suspendida tras las observaciones formuladas por el consejero regional de Cusco y las organizaciones sociales, relacionadas con el cumplimiento de los objetivos 1 y 3 del subgrupo, los cuales no habr\u00edan sido contemplados en la Resoluci\u00f3n Ministerial N.\u00b0 197-2025-PCM, pese a haber sido aprobados previamente en el acta del 23 de enero de 2025.<\/p>\n\n\n\n<p class=\"has-medium-font-size\">Como resultado, se acord\u00f3 suspender la sesi\u00f3n hasta que la Presidencia del Consejo de Ministros (PCM) emita un informe explicativo, previsto para el 18 de febrero de 2026.<\/p>\n\n\n\n<figure class=\"wp-block-gallery has-nested-images columns-default is-cropped wp-block-gallery-2 is-layout-flex wp-block-gallery-is-layout-flex\">\n<figure class=\"wp-block-image size-full\"><img loading=\"lazy\" decoding=\"async\" width=\"678\" height=\"1000\" data-id=\"9107\" src=\"https:\/\/derechosinfronteras.pe\/wp-content\/uploads\/2026\/02\/630028966_907413535364511_1303659893636658755_n-1.jpg\" alt=\"\" class=\"wp-image-9107\" srcset=\"https:\/\/derechosinfronteras.pe\/wp-content\/uploads\/2026\/02\/630028966_907413535364511_1303659893636658755_n-1.jpg 678w, https:\/\/derechosinfronteras.pe\/wp-content\/uploads\/2026\/02\/630028966_907413535364511_1303659893636658755_n-1-203x300.jpg 203w\" sizes=\"(max-width: 678px) 100vw, 678px\" \/><\/figure>\n\n\n\n<figure class=\"wp-block-image size-full\"><img loading=\"lazy\" decoding=\"async\" width=\"714\" height=\"1000\" data-id=\"9108\" src=\"https:\/\/derechosinfronteras.pe\/wp-content\/uploads\/2026\/02\/627980450_907413588697839_1021487348803061263_n-1.jpg\" alt=\"\" class=\"wp-image-9108\" srcset=\"https:\/\/derechosinfronteras.pe\/wp-content\/uploads\/2026\/02\/627980450_907413588697839_1021487348803061263_n-1.jpg 714w, https:\/\/derechosinfronteras.pe\/wp-content\/uploads\/2026\/02\/627980450_907413588697839_1021487348803061263_n-1-214x300.jpg 214w\" sizes=\"(max-width: 714px) 100vw, 714px\" \/><\/figure>\n<\/figure>\n\n\n\n<p class=\"has-medium-font-size\">En ese marco, el Ministerio de Justicia y Derechos Humanos (MINJUSDH) se comprometi\u00f3 a solicitar informes documentados al Procurador P\u00fablico del Ministerio de Salud y al Procurador del Gobierno Regional del Cusco sobre la ejecuci\u00f3n de la sentencia contenida en el Expediente Judicial N.\u00b0 83-2015, referida a la atenci\u00f3n integral de la poblaci\u00f3n en riesgo por exposici\u00f3n a metales y metaloides. Asimismo, anunci\u00f3 la presentaci\u00f3n de una propuesta de plan de trabajo en la siguiente sesi\u00f3n.<\/p>\n\n\n\n<p class=\"has-medium-font-size\">Las organizaciones sociales reiteraron la exigencia de que se respeten los objetivos aprobados para este subgrupo y demandaron que en las pr\u00f3ximas reuniones participen autoridades con capacidad de decisi\u00f3n, como ministros o viceministros. La pr\u00f3xima sesi\u00f3n fue programada para el 5 de marzo de 2026.<\/p>\n\n\n\n<p class=\"has-medium-font-size\"><strong>Una problem\u00e1tica sin respuestas efectivas<\/strong><\/p>\n\n\n\n<p class=\"has-medium-font-size\">La suspensi\u00f3n consecutiva de ambos subgrupos ha generado cuestionamientos por parte de las organizaciones sociales respecto a la ausencia de decisiones oportunas para atender una problem\u00e1tica hist\u00f3rica que afecta el derecho a la salud, al ambiente y al acceso a la justicia de la poblaci\u00f3n de Espinar. <\/p>\n\n\n\n<p class=\"has-medium-font-size\">En ese sentido, reiteraron la necesidad de un di\u00e1logo con voluntad pol\u00edtica, presencia de autoridades de alto nivel y cumplimiento de los acuerdos asumidos.<\/p>\n\n\n\n<p>Escribe: Victor Ligarda &#8211; Comunicaciones DHSF<\/p>\n\n\n\n<p><\/p>","protected":false},"excerpt":{"rendered":"<p>En menos de una semana, dos subgrupos claves de la Mesa de Di\u00e1logo de Espinar fueron suspendidos. Las organizaciones sociales se\u00f1alaron que esta situaci\u00f3n se da en un contexto de ausencia de respuestas concretas del Estado frente a la problem\u00e1tica de salud y derechos humanos de la poblaci\u00f3n afectada por metales pesados. Los d\u00edas 3 [&hellip;]<\/p>\n","protected":false},"author":1,"featured_media":9098,"comment_status":"open","ping_status":"open","sticky":false,"template":"","format":"standard","meta":{"_monsterinsights_skip_tracking":false,"_monsterinsights_sitenote_active":false,"_monsterinsights_sitenote_note":"","_monsterinsights_sitenote_category":0,"_jetpack_memberships_contains_paid_content":false,"footnotes":"","jetpack_publicize_message":"","jetpack_publicize_feature_enabled":true,"jetpack_social_post_already_shared":false,"jetpack_social_options":{"image_generator_settings":{"template":"highway","default_image_id":0,"font":"","enabled":false},"version":2}},"categories":[157,186],"tags":[],"class_list":["post-9096","post","type-post","status-publish","format-standard","has-post-thumbnail","hentry","category-area-de-comunicacion","category-noticias"],"blocksy_meta":[],"jetpack_publicize_connections":[],"jetpack_featured_media_url":"https:\/\/derechosinfronteras.pe\/wp-content\/uploads\/2026\/02\/web.png","jetpack_sharing_enabled":true,"jetpack_likes_enabled":true,"_links":{"self":[{"href":"https:\/\/derechosinfronteras.pe\/ingles\/wp-json\/wp\/v2\/posts\/9096","targetHints":{"allow":["GET"]}}],"collection":[{"href":"https:\/\/derechosinfronteras.pe\/ingles\/wp-json\/wp\/v2\/posts"}],"about":[{"href":"https:\/\/derechosinfronteras.pe\/ingles\/wp-json\/wp\/v2\/types\/post"}],"author":[{"embeddable":true,"href":"https:\/\/derechosinfronteras.pe\/ingles\/wp-json\/wp\/v2\/users\/1"}],"replies":[{"embeddable":true,"href":"https:\/\/derechosinfronteras.pe\/ingles\/wp-json\/wp\/v2\/comments?post=9096"}],"version-history":[{"count":3,"href":"https:\/\/derechosinfronteras.pe\/ingles\/wp-json\/wp\/v2\/posts\/9096\/revisions"}],"predecessor-version":[{"id":9110,"href":"https:\/\/derechosinfronteras.pe\/ingles\/wp-json\/wp\/v2\/posts\/9096\/revisions\/9110"}],"wp:featuredmedia":[{"embeddable":true,"href":"https:\/\/derechosinfronteras.pe\/ingles\/wp-json\/wp\/v2\/media\/9098"}],"wp:attachment":[{"href":"https:\/\/derechosinfronteras.pe\/ingles\/wp-json\/wp\/v2\/media?parent=9096"}],"wp:term":[{"taxonomy":"category","embeddable":true,"href":"https:\/\/derechosinfronteras.pe\/ingles\/wp-json\/wp\/v2\/categories?post=9096"},{"taxonomy":"post_tag","embeddable":true,"href":"https:\/\/derechosinfronteras.pe\/ingles\/wp-json\/wp\/v2\/tags?post=9096"}],"curies":[{"name":"wp","href":"https:\/\/api.w.org\/{rel}","templated":true}]}}