{"id":9112,"date":"2026-02-11T15:28:56","date_gmt":"2026-02-11T20:28:56","guid":{"rendered":"https:\/\/derechosinfronteras.pe\/?p=9112"},"modified":"2026-02-11T15:35:45","modified_gmt":"2026-02-11T20:35:45","slug":"la-maternidad-impuesta-no-se-celebra-exigimos-proteccion-de-ninas-frente-al-embarazo-producto-de-violencia-sexual","status":"publish","type":"post","link":"https:\/\/derechosinfronteras.pe\/ingles\/la-maternidad-impuesta-no-se-celebra-exigimos-proteccion-de-ninas-frente-al-embarazo-producto-de-violencia-sexual\/","title":{"rendered":"La maternidad impuesta no se celebra: exigimos protecci\u00f3n de ni\u00f1as frente al embarazo producto de violencia sexual"},"content":{"rendered":"<p class=\"has-medium-font-size\">Las recientes declaraciones de la congresista Milagros Jauregui ha reabierto el debate p\u00fablico sobre maternidad forzada, derechos sexuales y reproductivos y la protecci\u00f3n de ni\u00f1as v\u00edctimas de violencia sexual. En una entrevista difundida en medios, la legisladora afirm\u00f3 haber fundado hace una d\u00e9cada un albergue que recibe a ni\u00f1as embarazadas producto de violaci\u00f3n sexual, algunas de entre 10 y 13 a\u00f1os, y sostuvo que promovi\u00f3 que contin\u00faen sus embarazos.<\/p>\n\n\n\n<p class=\"has-medium-font-size\">\u201cHace 10 a\u00f1os abr\u00ed una casa de refugio para ni\u00f1as violadas y ni\u00f1as embarazadas de 10, 11, 12 y 13 a\u00f1os\u2026 el MIMP y el Juzgado de Familia nos las env\u00edan\u201d, se\u00f1al\u00f3. Asimismo, asegur\u00f3 que \u201cninguna de las ni\u00f1as que han dado a luz se arrepienten\u201d, y afirm\u00f3 que \u201cla v\u00edctima de todo este cuadro de dolor es el beb\u00e9\u201d.<\/p>\n\n\n\n<p class=\"has-medium-font-size\">En el Per\u00fa, cualquier relaci\u00f3n sexual con una persona menor de 14 a\u00f1os es considerada violaci\u00f3n sexual seg\u00fan el C\u00f3digo Penal.&nbsp; Hablar de \u201cni\u00f1as que dan a luz\u201d sin cuestionar las condiciones de violencia contribuye a naturalizar embarazos producto de abuso.<\/p>\n\n\n\n<p class=\"has-medium-font-size\">Adem\u00e1s, organismos internacionales y profesionales de salud coinciden en que el embarazo en ni\u00f1as implica riesgos f\u00edsicos y psicol\u00f3gicos severos, incluyendo complicaciones m\u00e9dicas, abandono escolar y afectaciones en su desarrollo integral.<\/p>\n\n\n\n<p class=\"has-medium-font-size\">Datos recogidos por el medio Salud con Lupa indican que, en el Per\u00fa, solo en 2025 se registraron 993 ni\u00f1as inscritas como madres, incluyendo el caso de una ni\u00f1a de 10 a\u00f1os.<\/p>\n\n\n\n<p class=\"has-medium-font-size\">Este debate tambi\u00e9n reaviva la discusi\u00f3n sobre el aborto terap\u00e9utico, procedimiento legal en el Per\u00fa desde 1924, cuando la continuidad del embarazo pone en riesgo la vida o la salud, incluida la salud mental, de la gestante. &nbsp;<\/p>\n\n\n\n<p class=\"has-medium-font-size\">La prioridad debe ser la protecci\u00f3n integral de las menores y el reconocimiento de su condici\u00f3n de v\u00edctimas. Discursos como el de la congresista invisibilizan el dolor de la v\u00edctima y priorizan visiones que deshumanizan sus experiencias y limitan el acceso a derechos fundamentales.<\/p>\n\n\n\n<p class=\"has-medium-font-size\">Este caso abre interrogantes sobre el rol del Estado en la supervisi\u00f3n de albergues, la atenci\u00f3n integral a ni\u00f1as sobrevivientes de violencia sexual y la garant\u00eda de servicios de salud con enfoque de derechos humanos, especialmente en contextos, como el peruano, donde el embarazo infantil sigue siendo una realidad persistente.<\/p>\n\n\n\n<p class=\"has-medium-font-size\">Escribe: Soraida Flores Sutta &#8211; Comunicadora Sosical<\/p>\n\n\n\n<p class=\"has-medium-font-size\">\u00c1rea de G\u00e9nero, Juventud e Interculturaliad <\/p>","protected":false},"excerpt":{"rendered":"<p>Las recientes declaraciones de la congresista Milagros Jauregui ha reabierto el debate p\u00fablico sobre maternidad forzada, derechos sexuales y reproductivos y la protecci\u00f3n de ni\u00f1as v\u00edctimas de violencia sexual. En una entrevista difundida en medios, la legisladora afirm\u00f3 haber fundado hace una d\u00e9cada un albergue que recibe a ni\u00f1as embarazadas producto de violaci\u00f3n sexual, algunas [&hellip;]<\/p>\n","protected":false},"author":1,"featured_media":9113,"comment_status":"open","ping_status":"open","sticky":false,"template":"","format":"standard","meta":{"_monsterinsights_skip_tracking":false,"_monsterinsights_sitenote_active":false,"_monsterinsights_sitenote_note":"","_monsterinsights_sitenote_category":0,"_jetpack_memberships_contains_paid_content":false,"footnotes":"","jetpack_publicize_message":"","jetpack_publicize_feature_enabled":true,"jetpack_social_post_already_shared":false,"jetpack_social_options":{"image_generator_settings":{"template":"highway","default_image_id":0,"font":"","enabled":false},"version":2}},"categories":[159,188],"tags":[],"class_list":["post-9112","post","type-post","status-publish","format-standard","has-post-thumbnail","hentry","category-area-de-genero","category-articulos"],"blocksy_meta":[],"jetpack_publicize_connections":[],"jetpack_featured_media_url":"https:\/\/derechosinfronteras.pe\/wp-content\/uploads\/2026\/02\/ads.jpg","jetpack_sharing_enabled":true,"jetpack_likes_enabled":true,"_links":{"self":[{"href":"https:\/\/derechosinfronteras.pe\/ingles\/wp-json\/wp\/v2\/posts\/9112","targetHints":{"allow":["GET"]}}],"collection":[{"href":"https:\/\/derechosinfronteras.pe\/ingles\/wp-json\/wp\/v2\/posts"}],"about":[{"href":"https:\/\/derechosinfronteras.pe\/ingles\/wp-json\/wp\/v2\/types\/post"}],"author":[{"embeddable":true,"href":"https:\/\/derechosinfronteras.pe\/ingles\/wp-json\/wp\/v2\/users\/1"}],"replies":[{"embeddable":true,"href":"https:\/\/derechosinfronteras.pe\/ingles\/wp-json\/wp\/v2\/comments?post=9112"}],"version-history":[{"count":4,"href":"https:\/\/derechosinfronteras.pe\/ingles\/wp-json\/wp\/v2\/posts\/9112\/revisions"}],"predecessor-version":[{"id":9119,"href":"https:\/\/derechosinfronteras.pe\/ingles\/wp-json\/wp\/v2\/posts\/9112\/revisions\/9119"}],"wp:featuredmedia":[{"embeddable":true,"href":"https:\/\/derechosinfronteras.pe\/ingles\/wp-json\/wp\/v2\/media\/9113"}],"wp:attachment":[{"href":"https:\/\/derechosinfronteras.pe\/ingles\/wp-json\/wp\/v2\/media?parent=9112"}],"wp:term":[{"taxonomy":"category","embeddable":true,"href":"https:\/\/derechosinfronteras.pe\/ingles\/wp-json\/wp\/v2\/categories?post=9112"},{"taxonomy":"post_tag","embeddable":true,"href":"https:\/\/derechosinfronteras.pe\/ingles\/wp-json\/wp\/v2\/tags?post=9112"}],"curies":[{"name":"wp","href":"https:\/\/api.w.org\/{rel}","templated":true}]}}