{"id":9120,"date":"2026-02-16T18:19:52","date_gmt":"2026-02-16T23:19:52","guid":{"rendered":"https:\/\/derechosinfronteras.pe\/?p=9120"},"modified":"2026-02-16T18:19:53","modified_gmt":"2026-02-16T23:19:53","slug":"la-exposicion-publica-de-ninas-victimas-de-violencia-sexual-vulnera-su-derecho-a-la-proteccion-y-constituye-revictimizacion","status":"publish","type":"post","link":"https:\/\/derechosinfronteras.pe\/ingles\/la-exposicion-publica-de-ninas-victimas-de-violencia-sexual-vulnera-su-derecho-a-la-proteccion-y-constituye-revictimizacion\/","title":{"rendered":"La exposici\u00f3n p\u00fablica de ni\u00f1as v\u00edctimas de violencia sexual vulnera su derecho a la protecci\u00f3n y constituye revictimizaci\u00f3n"},"content":{"rendered":"<p class=\"has-medium-font-size\">La exposici\u00f3n p\u00fablica de ni\u00f1as y adolescentes v\u00edctimas de violaci\u00f3n sexual durante un evento realizado en el albergue La Casa del Padre, promovido por la congresista Milagros J\u00e1uregui, no puede normalizarse. Lo ocurrido constituye una vulneraci\u00f3n de la dignidad, la privacidad y la protecci\u00f3n que el Estado debe garantizar a toda ni\u00f1a\/o menor de edad.<\/p>\n\n\n\n<p class=\"has-medium-font-size\">Im\u00e1genes difundidas por medios de comunicaci\u00f3n nacional mostraron a ni\u00f1as entre 10 y 13 a\u00f1os que quedaron embarazadas producto de violencia sexual, presentadas en un evento p\u00fablico, uniformadas, algunas de las ni\u00f1as cargando en los brazos a sus beb\u00e9s frente a un escenario del alberge y cientos de asistentes. En los registros fotogr\u00e1ficos difundidas en la red social Facebook del albergue se observ\u00f3 a varias de ellas cubri\u00e9ndose el rostro o mirando hacia el suelo. Se trata de ni\u00f1as en situaci\u00f3n de extrema vulneraci\u00f3n que fueron expuestas p\u00fablicamente fotografiadas y luego difundidas.<\/p>\n\n\n\n<p class=\"has-medium-font-size\">De acuerdo con la informaci\u00f3n difundida por el medio digital La Encerrona, el albergue registrar\u00eda antecedentes relacionados con reportes de desaparici\u00f3n de adolescentes en a\u00f1os anteriores. Uno de los casos corresponde a una adolescente de 16 a\u00f1os que abandon\u00f3 el refugio en enero de 2022 y fue hallada sin vida en mayo de 2023. Asimismo, el 28 de enero de 2024 se report\u00f3 la desaparici\u00f3n de otras tres adolescentes, cuyo paradero continuar\u00eda sin esclarecerse.<\/p>\n\n\n\n<p class=\"has-medium-font-size\">Las ni\u00f1as v\u00edctimas de violaci\u00f3n sexual no pueden ser utilizadas en actividad p\u00fablica con fines pol\u00edticos. Son personas que requieren protecci\u00f3n integral, acompa\u00f1amiento psicol\u00f3gico especializado y confidencialidad. Exponerlas p\u00fablicamente es una forma de revictimizaci\u00f3n y afecta su proceso de recuperaci\u00f3n.<\/p>\n\n\n\n<p class=\"has-medium-font-size\">Frente a estos hechos, organizaciones de derechos humanos rechazamos p\u00fablicamente la exposici\u00f3n de las menores victimas de violencia sexual con fines pol\u00edticos y exigimos al Estado que las autoridades competentes investiguen lo ocurrido y adopten medidas urgentes para garantizar la protecci\u00f3n integral de las ni\u00f1as y adolescentes v\u00edctimas de violencia sexual.<\/p>\n\n\n\n<p class=\"has-medium-font-size\">Escribe: Victor Ligarda &#8211; Comunicaciones DHSF<\/p>","protected":false},"excerpt":{"rendered":"<p>La exposici\u00f3n p\u00fablica de ni\u00f1as y adolescentes v\u00edctimas de violaci\u00f3n sexual durante un evento realizado en el albergue La Casa del Padre, promovido por la congresista Milagros J\u00e1uregui, no puede normalizarse. Lo ocurrido constituye una vulneraci\u00f3n de la dignidad, la privacidad y la protecci\u00f3n que el Estado debe garantizar a toda ni\u00f1a\/o menor de edad. [&hellip;]<\/p>\n","protected":false},"author":1,"featured_media":9121,"comment_status":"open","ping_status":"open","sticky":false,"template":"","format":"standard","meta":{"_monsterinsights_skip_tracking":false,"_monsterinsights_sitenote_active":false,"_monsterinsights_sitenote_note":"","_monsterinsights_sitenote_category":0,"_jetpack_memberships_contains_paid_content":false,"footnotes":"","jetpack_publicize_message":"","jetpack_publicize_feature_enabled":true,"jetpack_social_post_already_shared":false,"jetpack_social_options":{"image_generator_settings":{"template":"highway","default_image_id":0,"font":"","enabled":false},"version":2}},"categories":[157,186],"tags":[],"class_list":["post-9120","post","type-post","status-publish","format-standard","has-post-thumbnail","hentry","category-area-de-comunicacion","category-noticias"],"blocksy_meta":[],"jetpack_publicize_connections":[],"jetpack_featured_media_url":"https:\/\/derechosinfronteras.pe\/wp-content\/uploads\/2026\/02\/Copia_de_seguridad_de_PLANTILLA-notas-2026dsds.jpg","jetpack_sharing_enabled":true,"jetpack_likes_enabled":true,"_links":{"self":[{"href":"https:\/\/derechosinfronteras.pe\/ingles\/wp-json\/wp\/v2\/posts\/9120","targetHints":{"allow":["GET"]}}],"collection":[{"href":"https:\/\/derechosinfronteras.pe\/ingles\/wp-json\/wp\/v2\/posts"}],"about":[{"href":"https:\/\/derechosinfronteras.pe\/ingles\/wp-json\/wp\/v2\/types\/post"}],"author":[{"embeddable":true,"href":"https:\/\/derechosinfronteras.pe\/ingles\/wp-json\/wp\/v2\/users\/1"}],"replies":[{"embeddable":true,"href":"https:\/\/derechosinfronteras.pe\/ingles\/wp-json\/wp\/v2\/comments?post=9120"}],"version-history":[{"count":1,"href":"https:\/\/derechosinfronteras.pe\/ingles\/wp-json\/wp\/v2\/posts\/9120\/revisions"}],"predecessor-version":[{"id":9122,"href":"https:\/\/derechosinfronteras.pe\/ingles\/wp-json\/wp\/v2\/posts\/9120\/revisions\/9122"}],"wp:featuredmedia":[{"embeddable":true,"href":"https:\/\/derechosinfronteras.pe\/ingles\/wp-json\/wp\/v2\/media\/9121"}],"wp:attachment":[{"href":"https:\/\/derechosinfronteras.pe\/ingles\/wp-json\/wp\/v2\/media?parent=9120"}],"wp:term":[{"taxonomy":"category","embeddable":true,"href":"https:\/\/derechosinfronteras.pe\/ingles\/wp-json\/wp\/v2\/categories?post=9120"},{"taxonomy":"post_tag","embeddable":true,"href":"https:\/\/derechosinfronteras.pe\/ingles\/wp-json\/wp\/v2\/tags?post=9120"}],"curies":[{"name":"wp","href":"https:\/\/api.w.org\/{rel}","templated":true}]}}