{"id":9137,"date":"2026-03-09T13:31:39","date_gmt":"2026-03-09T18:31:39","guid":{"rendered":"https:\/\/derechosinfronteras.pe\/?p=9137"},"modified":"2026-03-10T11:38:19","modified_gmt":"2026-03-10T16:38:19","slug":"chumbivilcas-se-moviliza-para-defender-su-derecho-al-agua-y-proteger-el-nevado-curasma-amenazado-por-la-mina-crespo","status":"publish","type":"post","link":"https:\/\/derechosinfronteras.pe\/ingles\/chumbivilcas-se-moviliza-para-defender-su-derecho-al-agua-y-proteger-el-nevado-curasma-amenazado-por-la-mina-crespo\/","title":{"rendered":"CHUMBIVILCAS SE MOVILIZA PARA DEFENDER SU DERECHO AL AGUA Y PROTEGER EL NEVADO CURASMA, AMENAZADO POR LA MINA CRESPO"},"content":{"rendered":"<p class=\"has-medium-font-size\">Comunidades de la provincia de Chumbivilcas en Cusco se movilizan contra el proyecto minero Crespo, ubicado en la cabecera de cuenca del r\u00edo Santo Tom\u00e1s, a m\u00e1s de 5,000 metros de altitud. Una audiencia judicial el 10 de marzo podr\u00eda ordenar el cese de operaciones.&nbsp;<\/p>\n\n\n\n<p class=\"has-medium-font-size\"><em>\u00abNosotros no queremos que la empresa Crespo trabaje en la cabecera de cuenca, vamos a luchar hasta el \u00faltimo, el agua es vida para nosotros, con agua regamos nuestras chacras, ese es nuestro pedido\u00bb.&nbsp; Margarita Rojas Quehue, liderasa de la provincia de Chumbivilcas.<\/em><\/p>\n\n\n\n<p class=\"has-medium-font-size\">Margarita no habla en nombre propio. Habla por cientos de familias de las comunidades que dependen del r\u00edo Santo Tom\u00e1s para acceder al agua para el consumo humano, regar sus chacras y que su ganado sobreviva. Es el sentir de la poblaci\u00f3n de los cuatro distritos cercanos\u2014<strong>Llusco, Qui\u00f1ota, Colquemarca y Ccapacmarca<\/strong>\u2014 que hoy miran con alarma c\u00f3mo una empresa minera avanza en la construcci\u00f3n de su operaci\u00f3n en un \u00e1rea fr\u00e1gil&nbsp; y estrat\u00e9gica de su territorio: la cabecera de cuenca, a m\u00e1s de <strong>5,000 metros sobre el nivel del mar<\/strong>, en las faldas del Apu Curasma dentro de la cordillera de Huanzo.<\/p>\n\n\n\n<p class=\"has-medium-font-size\">Lo que est\u00e1 en juego es el futuro de miles de familias chumbivilcanas de la regi\u00f3n de Cusco, cuyo territorio ser\u00e1 sacrificado a nombre del discurso del desarrollo minero: \u00bfhasta d\u00f3nde puede llegar la miner\u00eda cuando lo que se pone en riesgo es el agua que hace posible la vida?<\/p>\n\n\n\n<figure class=\"wp-block-image size-full\"><img fetchpriority=\"high\" decoding=\"async\" width=\"1000\" height=\"750\" src=\"https:\/\/derechosinfronteras.pe\/wp-content\/uploads\/2026\/03\/movilizacion-03.jpeg\" alt=\"\" class=\"wp-image-9138\" srcset=\"https:\/\/derechosinfronteras.pe\/wp-content\/uploads\/2026\/03\/movilizacion-03.jpeg 1000w, https:\/\/derechosinfronteras.pe\/wp-content\/uploads\/2026\/03\/movilizacion-03-300x225.jpeg 300w, https:\/\/derechosinfronteras.pe\/wp-content\/uploads\/2026\/03\/movilizacion-03-768x576.jpeg 768w\" sizes=\"(max-width: 1000px) 100vw, 1000px\" \/><\/figure>\n\n\n\n<h2 class=\"wp-block-heading\"><strong>La movilizaci\u00f3n que no para: siete d\u00edas de lucha en las alturas<\/strong><\/h2>\n\n\n\n<p class=\"has-medium-font-size\">Desde el <strong>lunes 2 de marzo de 2026<\/strong>, las comunidades de Chumbivilcas mantienen una medida de lucha indefinida bajo el lema <strong>\u00abAgua s\u00ed, mina no\u00bb<\/strong>. La movilizaci\u00f3n convocada por las organizaciones sociales, tiene un objetivo concreto: impedir que el proyecto aur\u00edfero Crespo instale una <strong>planta de lixiviaci\u00f3n<\/strong> para el procesamiento de minerales en la zona del Nevado Huanzo, considerada la principal fuente de agua de la cabecera de cuenca del r\u00edo Santo Tom\u00e1s.<\/p>\n\n\n\n<p class=\"has-medium-font-size\">Los comuneros se\u00f1alan que el inicio de la etapa de explotaci\u00f3n minera avanza <strong>sin garant\u00edas ambientales suficientes<\/strong> y sin un proceso de di\u00e1logo transparente con las comunidades. Hasta la fecha, las autoridades del <strong>Ministerio de Energ\u00eda y Minas (Minem), el Ministerio del Ambiente (Minam), SENACE y OEFA<\/strong> no han respondido con claridad y de manera concreta a sus demandas de paralizaci\u00f3n.<\/p>\n\n\n\n<p class=\"has-medium-font-size\">El jueves, de la primera semana de protestas, lleg\u00f3 a la zona un <strong>contingente policial<\/strong>. Al cierre de esta edici\u00f3n, <strong>no se reportan actos de violencia<\/strong>, pero la tensi\u00f3n persiste: las comunidades ejercen su derecho a la protesta y esperan que las autoridades locales, la empresa y representantes del Ejecutivo instalen una mesa de di\u00e1logo que priorice la protecci\u00f3n de la fuente de agua que da vida a la cabecera de cuenca.<\/p>\n\n\n\n<figure class=\"wp-block-image size-full\"><img decoding=\"async\" width=\"1000\" height=\"750\" src=\"https:\/\/derechosinfronteras.pe\/wp-content\/uploads\/2026\/03\/movilizacion-01.jpeg\" alt=\"\" class=\"wp-image-9139\" srcset=\"https:\/\/derechosinfronteras.pe\/wp-content\/uploads\/2026\/03\/movilizacion-01.jpeg 1000w, https:\/\/derechosinfronteras.pe\/wp-content\/uploads\/2026\/03\/movilizacion-01-300x225.jpeg 300w, https:\/\/derechosinfronteras.pe\/wp-content\/uploads\/2026\/03\/movilizacion-01-768x576.jpeg 768w\" sizes=\"(max-width: 1000px) 100vw, 1000px\" \/><\/figure>\n\n\n\n<h2 class=\"wp-block-heading\"><strong>La batalla legal en Santo Tom\u00e1s<\/strong><\/h2>\n\n\n\n<p class=\"has-medium-font-size\">Mientras tanto, la v\u00eda judicial se abre paso. El <strong>martes 10 de marzo, a las 11:00 a.m.<\/strong>, el <strong>1\u00b0 Juzgado Mixto &#8211; Sede Santo Tom\u00e1s<\/strong>, a cargo de la juez <strong>\u00c1ngela Aguilar Salinas<\/strong>, celebrar\u00e1 una audiencia de Acci\u00f3n de Amparo presentada por el FUDICH. El objetivo es claro: el <strong>cese inmediato de las operaciones<\/strong> de la Compa\u00f1\u00eda Minera Crespo SAC en la cabecera de cuenca.&nbsp;<\/p>\n\n\n\n<p class=\"has-medium-font-size\">Seg\u00fan la abogada independiente Yudith Conto Cantero, en el Estudio de Impacto Ambiental (EIA) la empresa admite la existencia de&nbsp; cabecera de cuenca, sin embargo, viene realizando la construcci\u00f3n de su operaci\u00f3n en \u00e1reas protegidas por la legislaci\u00f3n nacional, negando que existan la cuenca y glaciares en la zona, \u00abla empresa cuando ha contestado la demanda ha indicado que solo son falencias, hip\u00f3tesis, que no es cierto que haya cabecera de cuenca en el Proyecto Crespo, niega la existencia de Glaciar en la zona\u00bb, seg\u00fan refiere la abogada.<\/p>\n\n\n\n<p class=\"has-medium-font-size\">Adem\u00e1s, esta negaci\u00f3n es contraria a la evidencia t\u00e9cnica de entidades especializadas del Estado. En efecto, seg\u00fan el<a href=\"https:\/\/cooperaccion.org.pe\/glaciares-en-riesgo-por-proyecto-minero-crespo-que-podria-dejar-sin-agua-a-comunidades-de-chumbivilcas\/\" target=\"_blank\" rel=\"noopener\"> <strong>informe del Instituto Nacional de Investigaci\u00f3n en Glaciares y Ecosistemas de Monta\u00f1a (INAIGEM)<\/strong><\/a>, elaborado el <strong>27 de mayo de 2025<\/strong> en la cordillera Huanzo, sector Curasma, y publicado el 2 de junio, confirma la presencia de <strong>hielo macizo en cinco puntos distintos<\/strong> de la zona. El documento t\u00e9cnico demuestra la existencia de glaciares de roca, relictos glaciares o hielo f\u00f3sil: reservas estrat\u00e9gicas de agua dulce.&nbsp;<\/p>\n\n\n\n<p class=\"has-medium-font-size\">Por lo que, seg\u00fan la normativa nacional, \u00abno puede haber ning\u00fan proceso extractivo en cabecera de cuenca porque se estar\u00eda poniendo en peligro todo el agua potable de Santo Tom\u00e1s\u00bb, refiere Yudith Conto Cantero.<\/p>\n\n\n\n<p class=\"has-medium-font-size\"><strong>EL MARCO LEGAL QUE PROTEGE LAS CABECERAS DE CUENCA&nbsp;<\/strong><\/p>\n\n\n\n<p class=\"has-medium-font-size\"><strong>\u2022 Ley N\u00b0 29338 \u2014 Ley de Recursos H\u00eddricos: <\/strong>Su art\u00edculo 75 proh\u00edbe actividades que afecten el normal funcionamiento de las cabeceras de cuenca y declara su protecci\u00f3n prioritaria. La Ley N\u00b0 30640 (2017) reforz\u00f3 este art\u00edculo, estableciendo que las cabeceras de cuenca son zonas de protecci\u00f3n donde se restringen actividades extractivas que pongan en riesgo la disponibilidad del agua.<\/p>\n\n\n\n<p class=\"has-medium-font-size\"><strong>\u2022 Convenio 169 de la OIT <\/strong>(ratificado por el Per\u00fa mediante Resoluci\u00f3n Legislativa N\u00b0 26253): obliga al Estado a garantizar el derecho de los pueblos ind\u00edgenas y comunidades campesinas a ser consultados de forma libre, previa e informada antes de autorizar cualquier proyecto que afecte sus territorios y recursos naturales.<\/p>\n\n\n\n<p class=\"has-medium-font-size\"><strong>\u2022 Consulta Previa \u2014 Ley N\u00b0 29785: <\/strong>regula el derecho a la consulta previa de los pueblos ind\u00edgenas u originarios reconocido en el Convenio 169 OIT. La <strong>Consulta Previa<\/strong> es un derecho colectivo fundamental de los pueblos ind\u00edgenas u originarios que obliga al Estado a consultarles <strong>antes<\/strong> de adoptar medidas legislativas o administrativas que puedan afectar directamente sus derechos colectivos, su existencia f\u00edsica, identidad cultural, calidad de vida o desarrollo.<\/p>\n\n\n\n<p class=\"has-medium-font-size\">Sobre este \u00faltimo punto, la abogada es contundente: \u00abLa consulta previa es un derecho, no es un tr\u00e1mite administrativo y este no se ha realizado en la comunidad de Ccollpa Ccashahui\u00bb.<\/p>\n\n\n\n<p class=\"has-medium-font-size\">Dado este marco normativo protector de las cabeceras de cuenca, la abogada espera un desenlace judicial favorable: \u00abNosotros esperamos que se debe declarar fundada la demanda en primera instancia\u00bb, concluye.<\/p>\n\n\n\n<figure class=\"wp-block-image size-full\"><img decoding=\"async\" width=\"1000\" height=\"667\" src=\"https:\/\/derechosinfronteras.pe\/wp-content\/uploads\/2026\/03\/Fuente_-Empresa-minera-Crespo.jpg\" alt=\"\" class=\"wp-image-9140\" srcset=\"https:\/\/derechosinfronteras.pe\/wp-content\/uploads\/2026\/03\/Fuente_-Empresa-minera-Crespo.jpg 1000w, https:\/\/derechosinfronteras.pe\/wp-content\/uploads\/2026\/03\/Fuente_-Empresa-minera-Crespo-300x200.jpg 300w, https:\/\/derechosinfronteras.pe\/wp-content\/uploads\/2026\/03\/Fuente_-Empresa-minera-Crespo-768x512.jpg 768w\" sizes=\"(max-width: 1000px) 100vw, 1000px\" \/><figcaption class=\"wp-element-caption\">Imagen: Minera Crespo S.A.C.<\/figcaption><\/figure>\n\n\n\n<h2 class=\"wp-block-heading\"><strong>Radiograf\u00eda del Proyecto Crespo: qui\u00e9nes son, cu\u00e1nto valen y qu\u00e9 quieren extraer<\/strong><\/h2>\n\n\n\n<p class=\"has-medium-font-size\">El proyecto minero Crespo pertenece al <strong>Grupo Apumayu<\/strong>, que opera en el Per\u00fa a trav\u00e9s de la <strong>empresa Apumayo S.A.C.<\/strong> (tambi\u00e9n identificada en documentos legales como Compa\u00f1\u00eda Minera Crespo SAC). Se trata de una operaci\u00f3n de <strong>mediana miner\u00eda de oro a tajo abierto<\/strong>, modalidad que implica la remoci\u00f3n a cielo abierto de grandes vol\u00famenes de roca y suelo para extraer el mineral.<\/p>\n\n\n\n<p class=\"has-medium-font-size\">Las cifras son reveladoras sobre la magnitud del proyecto:<\/p>\n\n\n\n<p class=\"has-medium-font-size\"><strong>\u2022 Inversi\u00f3n total prevista:<\/strong> 150 millones de d\u00f3lares.<\/p>\n\n\n\n<p class=\"has-medium-font-size\">\u2022 <strong>Volumen de mineral calculado: <\/strong>800,000 onzas de oro.<\/p>\n\n\n\n<p class=\"has-medium-font-size\">\u2022 <strong>Producci\u00f3n proyectada: <\/strong>entre 50,000 y 70,000 onzas de oro solo en los primeros dos a\u00f1os.<\/p>\n\n\n\n<p class=\"has-medium-font-size\">\u2022 <strong>Vida \u00fatil estimada: <\/strong>m\u00e1s de ocho a\u00f1os de operaci\u00f3n continua.<\/p>\n\n\n\n<p class=\"has-medium-font-size\"><strong>\u00bfQu\u00e9 es una cabecera de cuenca y por qu\u00e9 se debe proteger?<\/strong><\/p>\n\n\n\n<p class=\"has-medium-font-size\">Una <strong>cabecera de cuenca<\/strong> es la zona m\u00e1s alta de una cuenca hidrogr\u00e1fica: el punto donde nacen los r\u00edos y riachuelos que abastecen de agua a poblaciones, chacras y ecosistemas que se encuentran aguas abajo. En t\u00e9rminos pr\u00e1cticos, es la <strong>\u00abfuente de agua natural\u00bb<\/strong> de un territorio.<\/p>\n\n\n\n<p class=\"has-medium-font-size\">En el caso del r\u00edo Santo Tom\u00e1s, su cabecera est\u00e1 en la zona del Nevado Huanzo a m\u00e1s de 5,000 m s.n.m. All\u00ed, el agua proviene de glaciares, nevados y bofedales (humedales de alta monta\u00f1a). Si esa zona se contamina o se altera por la excavaci\u00f3n minera o por derrames de soluciones cianuradas provenientes de una planta de lixiviaci\u00f3n, el da\u00f1o no se limitar\u00eda a ese punto: contaminar\u00eda todo el r\u00edo aguas abajo, afectando el consumo humano, la ganader\u00eda y la agricultura de miles de familias.<\/p>\n\n\n\n<p class=\"has-medium-font-size\">Por eso la ley peruana \u2014y el sentido com\u00fan\u2014 establece que las cabeceras de cuenca son <strong>zonas de protecci\u00f3n especial. No es una restricci\u00f3n caprichosa: es la \u00fanica forma de garantizar que el agua como fuente de vida siga existiendo.<\/strong><\/p>\n\n\n\n<figure class=\"wp-block-image size-full\"><img loading=\"lazy\" decoding=\"async\" width=\"667\" height=\"1000\" src=\"https:\/\/derechosinfronteras.pe\/wp-content\/uploads\/2026\/03\/Empresa-minera-02.jpg\" alt=\"\" class=\"wp-image-9141\" srcset=\"https:\/\/derechosinfronteras.pe\/wp-content\/uploads\/2026\/03\/Empresa-minera-02.jpg 667w, https:\/\/derechosinfronteras.pe\/wp-content\/uploads\/2026\/03\/Empresa-minera-02-200x300.jpg 200w\" sizes=\"(max-width: 667px) 100vw, 667px\" \/><figcaption class=\"wp-element-caption\">Imagen: Minera Crespo S.A.C.<\/figcaption><\/figure>\n\n\n\n<h2 class=\"wp-block-heading\"><strong>Conflicto que urge resolver<\/strong><\/h2>\n\n\n\n<p class=\"has-medium-font-size\">Mientras las comunidades ejercen su derecho a la protesta moviliz\u00e1ndose a 5,000 metros de altitud para defender su agua por ya siete d\u00edas, las autoridades del gobierno central a\u00fan est\u00e1n ausentes, las comunidades cuyos derechos como pueblos originarios el Estado debe de garantizar, una vez m\u00e1s son invisibilizados. <strong>Este conflicto urge ser resuelto por el Estado, garantizando los derechos de las comunidades campesinas como pueblos originarios.<\/strong><\/p>\n\n\n\n<p class=\"has-medium-font-size\">Por: Wilson Chilo L.<\/p>","protected":false},"excerpt":{"rendered":"<p>Comunidades de la provincia de Chumbivilcas en Cusco se movilizan contra el proyecto minero Crespo, ubicado en la cabecera de cuenca del r\u00edo Santo Tom\u00e1s, a m\u00e1s de 5,000 metros de altitud. Una audiencia judicial el 10 de marzo podr\u00eda ordenar el cese de operaciones.&nbsp; \u00abNosotros no queremos que la empresa Crespo trabaje en la [&hellip;]<\/p>\n","protected":false},"author":1,"featured_media":9138,"comment_status":"open","ping_status":"open","sticky":false,"template":"","format":"standard","meta":{"_monsterinsights_skip_tracking":false,"_monsterinsights_sitenote_active":false,"_monsterinsights_sitenote_note":"","_monsterinsights_sitenote_category":0,"_jetpack_memberships_contains_paid_content":false,"footnotes":"","jetpack_publicize_message":"","jetpack_publicize_feature_enabled":true,"jetpack_social_post_already_shared":false,"jetpack_social_options":{"image_generator_settings":{"template":"highway","default_image_id":0,"font":"","enabled":false},"version":2}},"categories":[157,188,186],"tags":[],"class_list":["post-9137","post","type-post","status-publish","format-standard","has-post-thumbnail","hentry","category-area-de-comunicacion","category-articulos","category-noticias"],"blocksy_meta":[],"jetpack_publicize_connections":[],"jetpack_featured_media_url":"https:\/\/derechosinfronteras.pe\/wp-content\/uploads\/2026\/03\/movilizacion-03.jpeg","jetpack_sharing_enabled":true,"jetpack_likes_enabled":true,"_links":{"self":[{"href":"https:\/\/derechosinfronteras.pe\/ingles\/wp-json\/wp\/v2\/posts\/9137","targetHints":{"allow":["GET"]}}],"collection":[{"href":"https:\/\/derechosinfronteras.pe\/ingles\/wp-json\/wp\/v2\/posts"}],"about":[{"href":"https:\/\/derechosinfronteras.pe\/ingles\/wp-json\/wp\/v2\/types\/post"}],"author":[{"embeddable":true,"href":"https:\/\/derechosinfronteras.pe\/ingles\/wp-json\/wp\/v2\/users\/1"}],"replies":[{"embeddable":true,"href":"https:\/\/derechosinfronteras.pe\/ingles\/wp-json\/wp\/v2\/comments?post=9137"}],"version-history":[{"count":3,"href":"https:\/\/derechosinfronteras.pe\/ingles\/wp-json\/wp\/v2\/posts\/9137\/revisions"}],"predecessor-version":[{"id":9145,"href":"https:\/\/derechosinfronteras.pe\/ingles\/wp-json\/wp\/v2\/posts\/9137\/revisions\/9145"}],"wp:featuredmedia":[{"embeddable":true,"href":"https:\/\/derechosinfronteras.pe\/ingles\/wp-json\/wp\/v2\/media\/9138"}],"wp:attachment":[{"href":"https:\/\/derechosinfronteras.pe\/ingles\/wp-json\/wp\/v2\/media?parent=9137"}],"wp:term":[{"taxonomy":"category","embeddable":true,"href":"https:\/\/derechosinfronteras.pe\/ingles\/wp-json\/wp\/v2\/categories?post=9137"},{"taxonomy":"post_tag","embeddable":true,"href":"https:\/\/derechosinfronteras.pe\/ingles\/wp-json\/wp\/v2\/tags?post=9137"}],"curies":[{"name":"wp","href":"https:\/\/api.w.org\/{rel}","templated":true}]}}