{"id":9146,"date":"2026-03-11T14:21:00","date_gmt":"2026-03-11T19:21:00","guid":{"rendered":"https:\/\/derechosinfronteras.pe\/?p=9146"},"modified":"2026-03-11T14:31:26","modified_gmt":"2026-03-11T19:31:26","slug":"voces-que-resisten-mujeres-que-transforman","status":"publish","type":"post","link":"https:\/\/derechosinfronteras.pe\/ingles\/voces-que-resisten-mujeres-que-transforman\/","title":{"rendered":"Voces que resisten, mujeres que transforman"},"content":{"rendered":"<p class=\"has-medium-font-size\"><em>Cada 8 de marzo recordamos la valent\u00eda de las mujeres que caminaron antes que nosotras y que con su voz firme abrieron caminos de dignidad, justicia e igualdad en derechos humanos, hoy por hoy nuestras voces siguen levant\u00e1ndose frente a una realidad que a\u00fan refleja profundas desigualdades y violencias estructurales contra las mujeres y en nuestras comunidades.<\/em><\/p>\n\n\n\n<figure class=\"wp-block-video\"><video height=\"720\" style=\"aspect-ratio: 1280 \/ 720;\" width=\"1280\" controls src=\"https:\/\/derechosinfronteras.pe\/wp-content\/uploads\/2026\/03\/FDownloader.Net_AQPoTYv_DbzdvU8dfv6dJ3oJOdmPawfk3IYmZTk1dX05T14HvuL02tsguI0zYEZIkGTWqJ2hSKB3WSgWaWghfzK7Ll-1S9KUgffpVh_Vuym7VA_720p_HD.mp4\"><\/video><\/figure>\n\n\n\n<p class=\"has-medium-font-size\">Las cifras contin\u00faan evidenciando la gravedad de esta problem\u00e1tica en sus diferentes caras de la violencia contra la mujer, se tiene cifras del INEI (Instituto Nacional de Estad\u00edstica e Inform\u00e1tica) que, m\u00e1s del 50 % de las mujeres entre 15 y 49 a\u00f1os han sufrido alg\u00fan tipo de violencia por parte de su pareja o expareja a lo largo de su vida.<\/p>\n\n\n\n<p class=\"has-medium-font-size\">Adem\u00e1s, seg\u00fan los servicios del Programa Nacional Aurora, a trav\u00e9s de los Centros de Emergencia Mujer (CEM), ha atendido m\u00e1s de 169,536 casos de violencia contra mujeres y miembros del grupo familiar y se registraron 187 casos de feminicidios durante en el a\u00f1o 2025-2026, que da cuenta que aproximadamente11 mujeres son asesinadas cada mes por razones de g\u00e9nero.<\/p>\n\n\n\n<p class=\"has-medium-font-size\">Estas cifras evidencian la magnitud y persistencia de esta problem\u00e1tica latente en nuestro pa\u00eds donde es recurrente que el agresor es una persona conocida (pareja o expareja) y no ser\u00eda raro que la data seria mayor, ya que hay mujeres que callan y no denuncian.<\/p>\n\n\n\n<figure class=\"wp-block-gallery has-nested-images columns-default is-cropped wp-block-gallery-1 is-layout-flex wp-block-gallery-is-layout-flex\">\n<figure class=\"wp-block-image size-large\"><img fetchpriority=\"high\" decoding=\"async\" width=\"750\" height=\"1000\" data-id=\"9158\" src=\"https:\/\/derechosinfronteras.pe\/wp-content\/uploads\/2026\/03\/WhatsApp-Image-2026-03-11-at-2.18.30-PM.jpeg\" alt=\"\" class=\"wp-image-9158\" srcset=\"https:\/\/derechosinfronteras.pe\/wp-content\/uploads\/2026\/03\/WhatsApp-Image-2026-03-11-at-2.18.30-PM.jpeg 750w, https:\/\/derechosinfronteras.pe\/wp-content\/uploads\/2026\/03\/WhatsApp-Image-2026-03-11-at-2.18.30-PM-225x300.jpeg 225w\" sizes=\"(max-width: 750px) 100vw, 750px\" \/><\/figure>\n\n\n\n<figure class=\"wp-block-image size-large\"><img decoding=\"async\" width=\"1000\" height=\"750\" data-id=\"9161\" src=\"https:\/\/derechosinfronteras.pe\/wp-content\/uploads\/2026\/03\/WhatsApp-Image-2026-03-11-at-2.10.08-PM-2.jpeg\" alt=\"\" class=\"wp-image-9161\" srcset=\"https:\/\/derechosinfronteras.pe\/wp-content\/uploads\/2026\/03\/WhatsApp-Image-2026-03-11-at-2.10.08-PM-2.jpeg 1000w, https:\/\/derechosinfronteras.pe\/wp-content\/uploads\/2026\/03\/WhatsApp-Image-2026-03-11-at-2.10.08-PM-2-300x225.jpeg 300w, https:\/\/derechosinfronteras.pe\/wp-content\/uploads\/2026\/03\/WhatsApp-Image-2026-03-11-at-2.10.08-PM-2-768x576.jpeg 768w\" sizes=\"(max-width: 1000px) 100vw, 1000px\" \/><\/figure>\n\n\n\n<figure class=\"wp-block-image size-large\"><img decoding=\"async\" width=\"1000\" height=\"750\" data-id=\"9160\" src=\"https:\/\/derechosinfronteras.pe\/wp-content\/uploads\/2026\/03\/WhatsApp-Image-2026-03-11-at-2.10.07-PM-1.jpeg\" alt=\"\" class=\"wp-image-9160\" srcset=\"https:\/\/derechosinfronteras.pe\/wp-content\/uploads\/2026\/03\/WhatsApp-Image-2026-03-11-at-2.10.07-PM-1.jpeg 1000w, https:\/\/derechosinfronteras.pe\/wp-content\/uploads\/2026\/03\/WhatsApp-Image-2026-03-11-at-2.10.07-PM-1-300x225.jpeg 300w, https:\/\/derechosinfronteras.pe\/wp-content\/uploads\/2026\/03\/WhatsApp-Image-2026-03-11-at-2.10.07-PM-1-768x576.jpeg 768w\" sizes=\"(max-width: 1000px) 100vw, 1000px\" \/><\/figure>\n<\/figure>\n\n\n\n<p class=\"has-medium-font-size\">Estas cifras no representan solo n\u00fameros; detr\u00e1s de cada una existen historias, vidas truncadas y comunidades marcadas por el dolor. La violencia contra las mujeres no es un hecho aislado, sino el reflejo de estructuras sociales patriarcales y machistas que a\u00fan persisten y que requieren transformaciones profundas desde la sociedad, el Estado y las propias comunidades donde se observa la manifestaci\u00f3n de uno o mas modalidades de violencia reguladas en la Ley 30364, a puertas cerradas, sin ser denunciadas por haber sido normalizadas conductas como gritos y abusos como pr\u00e1cticas culturales.<\/p>\n\n\n\n<p class=\"has-medium-font-size\">Hay retrocesos legislativos que afectan la participaci\u00f3n pol\u00edtica de las mujeres en los espacios de representaci\u00f3n distrital y regional, tras la modificaci\u00f3n del art\u00edculo 104 de la Ley Org\u00e1nica de Elecciones N.\u00b0 26859 mediante la Ley N.\u00b0 32058, que elimina la paridad y alternancia en las elecciones municipales y regionales y deja sin efecto los avances alcanzados con la Ley N.\u00b0 31030.<\/p>\n\n\n\n<figure class=\"wp-block-image size-full\"><img loading=\"lazy\" decoding=\"async\" width=\"1000\" height=\"558\" src=\"https:\/\/derechosinfronteras.pe\/wp-content\/uploads\/2026\/03\/8m.png\" alt=\"\" class=\"wp-image-9153\" srcset=\"https:\/\/derechosinfronteras.pe\/wp-content\/uploads\/2026\/03\/8m.png 1000w, https:\/\/derechosinfronteras.pe\/wp-content\/uploads\/2026\/03\/8m-300x167.png 300w, https:\/\/derechosinfronteras.pe\/wp-content\/uploads\/2026\/03\/8m-768x429.png 768w\" sizes=\"(max-width: 1000px) 100vw, 1000px\" \/><\/figure>\n\n\n\n<p class=\"has-medium-font-size\">En ese sentido, el ocho de marzo no es solo una fecha de conmemoraci\u00f3n, sino tambi\u00e9n un llamado a la reflexi\u00f3n integral y a la acci\u00f3n colectiva tanto de varones y mujeres con un enfoque integral de fortalecer la participaci\u00f3n activa de las mujeres en todos los espacios de decisi\u00f3n \u2014desde la familia, las organizaciones sociales y las comunidades, hasta la elaboraci\u00f3n de normas y estatutos comunales\u2014 y educar a los varones con un enfoque integral; a fin de construir sociedades m\u00e1s justas, inclusivas y democr\u00e1ticas donde las mujeres vivan una vida libre de violencia, tengan voz y plantean sus propuestas, porque cuando las mujeres levantan la voz, no solo resisten: transforman la historia para un futuro mejor para las generaciones venideras.<\/p>\n\n\n\n<p class=\"has-medium-font-size\">\u201c\u00d1aupaqman kuska puririsun ama q\u2019irinakuspa\u201d<\/p>\n\n\n\n<p class=\"has-medium-font-size\">Por: Maritza Rodriguez Huarayo\/\u00c1rea de G\u00e9nero Juventud e Intercultural.<\/p>","protected":false},"excerpt":{"rendered":"<p>Cada 8 de marzo recordamos la valent\u00eda de las mujeres que caminaron antes que nosotras y que con su voz firme abrieron caminos de dignidad, justicia e igualdad en derechos humanos, hoy por hoy nuestras voces siguen levant\u00e1ndose frente a una realidad que a\u00fan refleja profundas desigualdades y violencias estructurales contra las mujeres y en [&hellip;]<\/p>\n","protected":false},"author":1,"featured_media":9154,"comment_status":"open","ping_status":"open","sticky":false,"template":"","format":"standard","meta":{"_monsterinsights_skip_tracking":false,"_monsterinsights_sitenote_active":false,"_monsterinsights_sitenote_note":"","_monsterinsights_sitenote_category":0,"_jetpack_memberships_contains_paid_content":false,"footnotes":"","jetpack_publicize_message":"","jetpack_publicize_feature_enabled":true,"jetpack_social_post_already_shared":false,"jetpack_social_options":{"image_generator_settings":{"template":"highway","default_image_id":0,"font":"","enabled":false},"version":2}},"categories":[159,188],"tags":[],"class_list":["post-9146","post","type-post","status-publish","format-standard","has-post-thumbnail","hentry","category-area-de-genero","category-articulos"],"blocksy_meta":[],"jetpack_publicize_connections":[],"jetpack_featured_media_url":"https:\/\/derechosinfronteras.pe\/wp-content\/uploads\/2026\/03\/8m-1.png","jetpack_sharing_enabled":true,"jetpack_likes_enabled":true,"_links":{"self":[{"href":"https:\/\/derechosinfronteras.pe\/ingles\/wp-json\/wp\/v2\/posts\/9146","targetHints":{"allow":["GET"]}}],"collection":[{"href":"https:\/\/derechosinfronteras.pe\/ingles\/wp-json\/wp\/v2\/posts"}],"about":[{"href":"https:\/\/derechosinfronteras.pe\/ingles\/wp-json\/wp\/v2\/types\/post"}],"author":[{"embeddable":true,"href":"https:\/\/derechosinfronteras.pe\/ingles\/wp-json\/wp\/v2\/users\/1"}],"replies":[{"embeddable":true,"href":"https:\/\/derechosinfronteras.pe\/ingles\/wp-json\/wp\/v2\/comments?post=9146"}],"version-history":[{"count":1,"href":"https:\/\/derechosinfronteras.pe\/ingles\/wp-json\/wp\/v2\/posts\/9146\/revisions"}],"predecessor-version":[{"id":9162,"href":"https:\/\/derechosinfronteras.pe\/ingles\/wp-json\/wp\/v2\/posts\/9146\/revisions\/9162"}],"wp:featuredmedia":[{"embeddable":true,"href":"https:\/\/derechosinfronteras.pe\/ingles\/wp-json\/wp\/v2\/media\/9154"}],"wp:attachment":[{"href":"https:\/\/derechosinfronteras.pe\/ingles\/wp-json\/wp\/v2\/media?parent=9146"}],"wp:term":[{"taxonomy":"category","embeddable":true,"href":"https:\/\/derechosinfronteras.pe\/ingles\/wp-json\/wp\/v2\/categories?post=9146"},{"taxonomy":"post_tag","embeddable":true,"href":"https:\/\/derechosinfronteras.pe\/ingles\/wp-json\/wp\/v2\/tags?post=9146"}],"curies":[{"name":"wp","href":"https:\/\/api.w.org\/{rel}","templated":true}]}}