{"id":9170,"date":"2026-03-17T17:50:12","date_gmt":"2026-03-17T22:50:12","guid":{"rendered":"https:\/\/derechosinfronteras.pe\/?p=9170"},"modified":"2026-03-17T17:59:08","modified_gmt":"2026-03-17T22:59:08","slug":"peru-ante-el-nuevo-superciclo-del-cobre-desarrollo-o-desproteccion","status":"publish","type":"post","link":"https:\/\/derechosinfronteras.pe\/ingles\/peru-ante-el-nuevo-superciclo-del-cobre-desarrollo-o-desproteccion\/","title":{"rendered":"Per\u00fa ante el nuevo superciclo del cobre: \u00bfdesarrollo o desprotecci\u00f3n?"},"content":{"rendered":"<p class=\"has-large-font-size\"><em>El Per\u00fa ingresa a un nuevo ciclo de expansi\u00f3n minera con efectos visibles sobre las comunidades<\/em><\/p>\n\n\n\n<p class=\"has-medium-font-size\">\u00a0El Per\u00fa parece encaminarse hacia un escenario de creciente desprotecci\u00f3n de sus ciudadanos y de la naturaleza de la cual depende de manera integral. En un contexto global marcado por la crisis clim\u00e1tica y la demanda de minerales para la transici\u00f3n energ\u00e9tica, el pa\u00eds se inserta como proveedor de materias primas estrat\u00e9gicas, especialmente cobre, pero a un costo ambiental, social y humano cada vez m\u00e1s evidente. Seg\u00fan el Banco Central de Reserva del Per\u00fa (BCRP), el pa\u00eds estar\u00eda ingresando a un nuevo superciclo del cobre. El precio promedio alcanz\u00f3 los 4.81 d\u00f3lares por libra, con un incremento del 6.57 %, impulsado por la menor oferta global y la fuerte demanda de minerales cr\u00edticos para la transici\u00f3n energ\u00e9tica. <\/p>\n\n\n\n<p class=\"has-medium-font-size\">Este escenario ha acelerado de manera significativa la expansi\u00f3n de concesiones mineras a lo largo del territorio nacional. Solo en octubre de 2025 se titularon 442 concesiones mineras, 32 de ellas en la regi\u00f3n Cusco. Para mayo de 2025, el 17.7 % del territorio regional de Cusco se encuentra concesionado, con cifras alarmantes en provincias como Espinar (47.31 %), Chumbivilcas (65.33 %) y Quispicanchi (41.03 %). Mientras el norte global impulsa la llamada \u201cenerg\u00eda verde\u201d, pa\u00edses como el Per\u00fa asumen los impactos extractivos, profundizando su rol hist\u00f3rico de exportadores de materias primas.<\/p>\n\n\n\n<figure class=\"wp-block-image size-full is-resized\"><img fetchpriority=\"high\" decoding=\"async\" width=\"758\" height=\"582\" src=\"https:\/\/derechosinfronteras.pe\/wp-content\/uploads\/2026\/03\/q-edited.jpg\" alt=\"\" class=\"wp-image-9174\" style=\"width:749px;height:auto\" srcset=\"https:\/\/derechosinfronteras.pe\/wp-content\/uploads\/2026\/03\/q-edited.jpg 758w, https:\/\/derechosinfronteras.pe\/wp-content\/uploads\/2026\/03\/q-edited-300x230.jpg 300w\" sizes=\"(max-width: 758px) 100vw, 758px\" \/><figcaption class=\"wp-element-caption\">Foto de Ojo P\u00fablico: Tajo minero que evidencia el impacto ambiental en Espinar.<\/figcaption><\/figure>\n\n\n\n<p class=\"has-medium-font-size\"><strong>Debilitamiento de la institucionalidad ambiental<\/strong><\/p>\n\n\n\n<p class=\"has-medium-font-size\">En el pa\u00eds se advierte una tendencia preocupante: la flexibilizaci\u00f3n de las normas ambientales para facilitar inversiones extractivas, debilitando la protecci\u00f3n ambiental y la salud p\u00fablica.<\/p>\n\n\n\n<p class=\"has-medium-font-size\">En el caso de la Autoridad Nacional del Agua (ANA), la reorganizaci\u00f3n institucional propuesta mediante el DS 013-2024-MIDAGRI plantea serios retrocesos. Se diluye su rol en la identificaci\u00f3n de fuentes contaminantes bajo el argumento de una competencia multisectorial, se proponen autorizaciones de vertimiento por tiempo indeterminado, se limita su opini\u00f3n vinculante en los EIA y se omite la zonificaci\u00f3n de cabeceras de cuenca.<\/p>\n\n\n\n<p class=\"has-medium-font-size\">Por su parte, el SENACE enfrenta presiones para acelerar la aprobaci\u00f3n de los Estudios de Impacto Ambiental, reduciendo los plazos de evaluaci\u00f3n de 400 a 120 d\u00edas h\u00e1biles, es decir, una disminuci\u00f3n del 80 %. Bajo el argumento de reactivar inversiones, se corre el riesgo de aprobar proyectos altamente conflictivos sin el debido an\u00e1lisis t\u00e9cnico. Incluso se plantea el uso de inteligencia artificial en etapas clave del proceso, reduciendo la intervenci\u00f3n de especialistas y comprometiendo la participaci\u00f3n ciudadana, la rigurosidad t\u00e9cnica y la transparencia.<\/p>\n\n\n\n<figure class=\"wp-block-image\"><img decoding=\"async\" src=\"blob:https:\/\/derechosinfronteras.pe\/40d5f8d7-8be9-4e21-a11f-b9cca6fea14d\" alt=\"\"\/><\/figure>\n\n\n\n<p class=\"has-medium-font-size\">En medio de esta situaci\u00f3n tan favorecedora para la extracci\u00f3n minera, las empresas como Antapaccay de la multinacional Glencore, sostienen que proyectos como Coroccohuaycco representan \u201cuna oportunidad hist\u00f3rica para el Per\u00fa\u201d y son esenciales para garantizar el suministro de cobre para la transici\u00f3n energ\u00e9tica. Sin embargo, la pregunta central persiste: \u00bfoportunidad para qui\u00e9n y a qu\u00e9 costo?<\/p>\n\n\n\n<p class=\"has-medium-font-size\"><strong>Espinar: m\u00e1s de una d\u00e9cada de crisis ambiental y de salud<\/strong><\/p>\n\n\n\n<p class=\"has-medium-font-size\">Las comunidades del \u00e1rea de influencia de la operaci\u00f3n minera Antapaccay, en la provincia de Espinar, denuncian desde hace m\u00e1s de diez a\u00f1os impactos ambientales persistentes. Frente a estas alertas, la empresa sostuvo reiteradamente que la contaminaci\u00f3n respond\u00eda a procesos de \u201cmineralizaci\u00f3n natural\u201d, eludiendo responsabilidades. Entre 2022 y 2023, el Organismo de Evaluaci\u00f3n y Fiscalizaci\u00f3n Ambiental (OEFA) realiz\u00f3 la Evaluaci\u00f3n Ambiental de Causalidad m\u00e1s completa desarrollada hasta la fecha en la zona, produciendo siete informes t\u00e9cnicos sobre aire, agua, suelo, flora y fauna. Estos estudios fueron cuestionados por Antapaccay mediante informes privados que buscaban desacreditar la metodolog\u00eda empleada por la entidad estatal especializada en el tema. No obstante, en marzo de 2025, el Tribunal de Fiscalizaci\u00f3n Ambiental confirm\u00f3 la validez del estudio de aire. Posteriormente, en octubre de 2025, OEFA sancion\u00f3 a la empresa con una multa de 1,040.988 UIT (aproximadamente 5.75 millones de soles) por no implementar medidas de mitigaci\u00f3n en el Tajo Sur, afectando directamente a la comunidad de Alto Huarca.<\/p>\n\n\n\n<figure class=\"wp-block-image size-full\"><img decoding=\"async\" width=\"849\" height=\"720\" src=\"https:\/\/derechosinfronteras.pe\/wp-content\/uploads\/2026\/03\/qd-1.jpg\" alt=\"\" class=\"wp-image-9172\" srcset=\"https:\/\/derechosinfronteras.pe\/wp-content\/uploads\/2026\/03\/qd-1.jpg 849w, https:\/\/derechosinfronteras.pe\/wp-content\/uploads\/2026\/03\/qd-1-300x254.jpg 300w, https:\/\/derechosinfronteras.pe\/wp-content\/uploads\/2026\/03\/qd-1-768x651.jpg 768w\" sizes=\"(max-width: 849px) 100vw, 849px\" \/><\/figure>\n\n\n\n<p class=\"has-medium-font-size\"><strong>Impactos que superan el \u00e1rea de influencia oficial<\/strong><\/p>\n\n\n\n<p class=\"has-medium-font-size\">Uno de los hallazgos del estudio de causalidad es que los impactos ambientales exceden ampliamente lo previsto en el Estudio de Impacto Ambiental (EIA) aprobado en 2019, Un caso cr\u00edtico es el de la comunidad de Alto Ayraccollana, que no figura dentro del \u00e1rea de influencia directa de la mina, donde se detectaron ni\u00f1as de 7, 8 y 10 a\u00f1os con ars\u00e9nico en sangre. No solo fall\u00f3 en identificar adecuadamente los impactos ambientales, sino que tambi\u00e9n fue incapaz de anticipar la verdadera magnitud de los da\u00f1os posteriormente documentados y sancionados, lo que evidencia graves deficiencias en su elaboraci\u00f3n y confirma la imperiosa necesidad de someter los EIA a evaluaciones exhaustivas y rigurosas para evitar la repetici\u00f3n de impactos de esta magnitud.<\/p>\n\n\n\n<p class=\"has-medium-font-size\"><strong>La Segunda MEIA de Antapaccay y el riesgo de desaparici\u00f3n de comunidades<\/strong><\/p>\n\n\n\n<p class=\"has-medium-font-size\">Mientras enfrenta sanciones ambientales, Antapaccay impulsa la Segunda Modificatoria del Estudio de Impacto Ambiental (MEIA), que plantea una expansi\u00f3n significativa de sus operaciones. Entre las principales modificaciones se incluyen la ampliaci\u00f3n del Tajo Sur y la profundizaci\u00f3n del Tajo Norte en Antapaccay, nuevos botaderos y el mayor incremento de relaves en Tintaya y la transformaci\u00f3n total del proyecto Coroccohuayco a una explotaci\u00f3n 100 % a tajo abierto. Esta expansi\u00f3n afectar\u00eda directamente a tres comunidades originarias: Paccopata, cuyo territorio se ver\u00eda comprometido en un 100 %; Huini Coroccohuayco, en un 95 %; y Huano Huano, en un 3 %. No se trata \u00fanicamente de una reducci\u00f3n territorial, sino de un riesgo real de desaparici\u00f3n f\u00edsica, social y cultural. Pese a ello, el discurso corporativo contin\u00faa apelando a la narrativa de la \u201cminer\u00eda verde\u201d, mientras en el territorio se consolidan procesos de despojo y debilitamiento comunitario.<\/p>\n\n\n\n<p class=\"has-medium-font-size\"><strong>Salud humana: evidencia grave y abandono estatal<\/strong><\/p>\n\n\n\n<p class=\"has-medium-font-size\">La situaci\u00f3n sanitaria en Espinar y en la regi\u00f3n Cusco es alarmante. Seg\u00fan el Observatorio Nacional de Metales Pesados y Metaloides en Salud Humana, en 2025 en Cusco se dosaron 1,642 personas, detect\u00e1ndose altos niveles de ars\u00e9nico en 1,116 casos. En la provincia de Espinar, de 984 personas evaluadas, 790 presentaron ars\u00e9nico en el organismo. Pese a existir una sentencia para la atenci\u00f3n a la salud, no se cuenta con vigilancia peri\u00f3dica, equipamiento adecuado, personal especializado ni infraestructura para la atenci\u00f3n de intoxicaciones. Los dosajes recientes contin\u00faan mostrando ni\u00f1as de 10 a\u00f1os con niveles peligrosos de ars\u00e9nico, sin que exista capacidad instalada para atenderlas de manera integral.<\/p>\n\n\n\n<p class=\"has-medium-font-size\">La empresa no puede seguir evadiendo responsabilidades, y el Estado no puede seguir postergando la atenci\u00f3n ambiental y de salud y permitirse flexibilizar las normativas ambientales y dejar en desprotecci\u00f3n a sus ciudadanos\/as y el medio ambiente.<\/p>\n\n\n\n<p class=\"has-medium-font-size\">Por: <em>Liliana Pe\u00f1a Soncco<\/em> &#8211; Antrop\u00f3loga<\/p>","protected":false},"excerpt":{"rendered":"<p>El Per\u00fa ingresa a un nuevo ciclo de expansi\u00f3n minera con efectos visibles sobre las comunidades \u00a0El Per\u00fa parece encaminarse hacia un escenario de creciente desprotecci\u00f3n de sus ciudadanos y de la naturaleza de la cual depende de manera integral. En un contexto global marcado por la crisis clim\u00e1tica y la demanda de minerales para [&hellip;]<\/p>\n","protected":false},"author":1,"featured_media":9175,"comment_status":"open","ping_status":"open","sticky":false,"template":"","format":"standard","meta":{"_monsterinsights_skip_tracking":false,"_monsterinsights_sitenote_active":false,"_monsterinsights_sitenote_note":"","_monsterinsights_sitenote_category":0,"_jetpack_memberships_contains_paid_content":false,"footnotes":"","jetpack_publicize_message":"","jetpack_publicize_feature_enabled":true,"jetpack_social_post_already_shared":false,"jetpack_social_options":{"image_generator_settings":{"template":"highway","default_image_id":0,"font":"","enabled":false},"version":2}},"categories":[158,188],"tags":[],"class_list":["post-9170","post","type-post","status-publish","format-standard","has-post-thumbnail","hentry","category-area-decma","category-articulos"],"blocksy_meta":[],"jetpack_publicize_connections":[],"jetpack_featured_media_url":"https:\/\/derechosinfronteras.pe\/wp-content\/uploads\/2026\/03\/q-1.jpg","jetpack_sharing_enabled":true,"jetpack_likes_enabled":true,"_links":{"self":[{"href":"https:\/\/derechosinfronteras.pe\/ingles\/wp-json\/wp\/v2\/posts\/9170","targetHints":{"allow":["GET"]}}],"collection":[{"href":"https:\/\/derechosinfronteras.pe\/ingles\/wp-json\/wp\/v2\/posts"}],"about":[{"href":"https:\/\/derechosinfronteras.pe\/ingles\/wp-json\/wp\/v2\/types\/post"}],"author":[{"embeddable":true,"href":"https:\/\/derechosinfronteras.pe\/ingles\/wp-json\/wp\/v2\/users\/1"}],"replies":[{"embeddable":true,"href":"https:\/\/derechosinfronteras.pe\/ingles\/wp-json\/wp\/v2\/comments?post=9170"}],"version-history":[{"count":1,"href":"https:\/\/derechosinfronteras.pe\/ingles\/wp-json\/wp\/v2\/posts\/9170\/revisions"}],"predecessor-version":[{"id":9176,"href":"https:\/\/derechosinfronteras.pe\/ingles\/wp-json\/wp\/v2\/posts\/9170\/revisions\/9176"}],"wp:featuredmedia":[{"embeddable":true,"href":"https:\/\/derechosinfronteras.pe\/ingles\/wp-json\/wp\/v2\/media\/9175"}],"wp:attachment":[{"href":"https:\/\/derechosinfronteras.pe\/ingles\/wp-json\/wp\/v2\/media?parent=9170"}],"wp:term":[{"taxonomy":"category","embeddable":true,"href":"https:\/\/derechosinfronteras.pe\/ingles\/wp-json\/wp\/v2\/categories?post=9170"},{"taxonomy":"post_tag","embeddable":true,"href":"https:\/\/derechosinfronteras.pe\/ingles\/wp-json\/wp\/v2\/tags?post=9170"}],"curies":[{"name":"wp","href":"https:\/\/api.w.org\/{rel}","templated":true}]}}