{"id":9178,"date":"2026-03-26T13:03:00","date_gmt":"2026-03-26T18:03:00","guid":{"rendered":"https:\/\/derechosinfronteras.pe\/?p=9178"},"modified":"2026-03-26T13:07:13","modified_gmt":"2026-03-26T18:07:13","slug":"reunion-multisectorial-en-chumbivilcas-sin-respuestas-claras-frente-a-proyecto-minero-en-cabecera-de-cuenca","status":"publish","type":"post","link":"https:\/\/derechosinfronteras.pe\/ingles\/reunion-multisectorial-en-chumbivilcas-sin-respuestas-claras-frente-a-proyecto-minero-en-cabecera-de-cuenca\/","title":{"rendered":"Reuni\u00f3n multisectorial en Chumbivilcas sin respuestas claras frente a proyecto minero en cabecera de cuenca"},"content":{"rendered":"<p class=\"has-medium-font-size\">La instalaci\u00f3n de una planta de lixiviaci\u00f3n del proyecto minero Crespo en la cabecera de cuenca, as\u00ed como el impacto que podr\u00eda generar en la cuenca del rio Santo Tomas contin\u00faa generando preocupaci\u00f3n en las comunidades campesinas de Llusco, Qui\u00f1ota, Colquemarca y Ccapacmarca, por las posibles afectaciones en el agua, la ganader\u00eda y la agricultura, de las que dependen cientos de familias.<\/p>\n\n\n\n<p class=\"has-medium-font-size\">En ese contexto, tras m\u00e1s de 23 d\u00edas de lucha de las comunidades y organizaciones sociales de Chumbivilcas, este 25 de marzo en el Teatro Municipal del distrito de Santo Tomas, Provincia de Chumbivilcas, se realiz\u00f3 la reuni\u00f3n multisectorial, donde participaron autoridades locales, representantes de comunidades y entidades del Estado, para abordar las preocupaciones de las comunidades sobre la consulta previa, existencia de glaciares del Apu Inti Curasma donde est\u00e1 ubicado el proyecto minero Crespo y protecci\u00f3n de la cabecera de cuenca de Chumbivilcas. Participaron entidades del Estado como el Consejo de Ministros (PCM), Ministerio del Ambiente (MINAM), Ministerio de Energ\u00eda y Minas (MINEM), la Autoridad Nacional del Agua (ANA), el Organismo de Evaluaci\u00f3n y Fiscalizaci\u00f3n Ambiental (OEFA), el Servicio Nacional de Certificaci\u00f3n Ambiental (SENACE), el Instituto Nacional de Investigaci\u00f3n en Glaciares y Ecosistemas de Monta\u00f1a (INAIGEM) y representantes de la sociedad civil.<\/p>\n\n\n\n<figure class=\"wp-block-gallery has-nested-images columns-default is-cropped wp-block-gallery-1 is-layout-flex wp-block-gallery-is-layout-flex\">\n<figure class=\"wp-block-image size-large\"><img fetchpriority=\"high\" decoding=\"async\" width=\"1000\" height=\"563\" data-id=\"9182\" src=\"https:\/\/derechosinfronteras.pe\/wp-content\/uploads\/2026\/03\/Copia_de_seguridad_de_Copia_de_seguridad_de_PLANTILLA-NOTICIAS-2026S.png\" alt=\"\" class=\"wp-image-9182\" srcset=\"https:\/\/derechosinfronteras.pe\/wp-content\/uploads\/2026\/03\/Copia_de_seguridad_de_Copia_de_seguridad_de_PLANTILLA-NOTICIAS-2026S.png 1000w, https:\/\/derechosinfronteras.pe\/wp-content\/uploads\/2026\/03\/Copia_de_seguridad_de_Copia_de_seguridad_de_PLANTILLA-NOTICIAS-2026S-300x169.png 300w, https:\/\/derechosinfronteras.pe\/wp-content\/uploads\/2026\/03\/Copia_de_seguridad_de_Copia_de_seguridad_de_PLANTILLA-NOTICIAS-2026S-768x432.png 768w\" sizes=\"(max-width: 1000px) 100vw, 1000px\" \/><\/figure>\n\n\n\n<figure class=\"wp-block-image size-large\"><img decoding=\"async\" width=\"1000\" height=\"563\" data-id=\"9183\" src=\"https:\/\/derechosinfronteras.pe\/wp-content\/uploads\/2026\/03\/Copia_de_seguridad_de_Copia_de_seguridad_de_PLANTILLA-NOTICIAS-2026-2.png\" alt=\"\" class=\"wp-image-9183\" srcset=\"https:\/\/derechosinfronteras.pe\/wp-content\/uploads\/2026\/03\/Copia_de_seguridad_de_Copia_de_seguridad_de_PLANTILLA-NOTICIAS-2026-2.png 1000w, https:\/\/derechosinfronteras.pe\/wp-content\/uploads\/2026\/03\/Copia_de_seguridad_de_Copia_de_seguridad_de_PLANTILLA-NOTICIAS-2026-2-300x169.png 300w, https:\/\/derechosinfronteras.pe\/wp-content\/uploads\/2026\/03\/Copia_de_seguridad_de_Copia_de_seguridad_de_PLANTILLA-NOTICIAS-2026-2-768x432.png 768w\" sizes=\"(max-width: 1000px) 100vw, 1000px\" \/><\/figure>\n<\/figure>\n\n\n\n<p class=\"has-medium-font-size\">Durante la reuni\u00f3n, el representante del Comit\u00e9 de Lucha expres\u00f3 su reclamo al gobierno central por la demora en la atenci\u00f3n a las demandas de las comunidades, as\u00ed como la ausencia de ministros con capacidad de decisi\u00f3n. Por otro lado, se se\u00f1al\u00f3 que en Chumbivilcas se cuenta con 41 fuentes de agua que estar\u00edan siendo amenazadas por autorizaciones y permisos a proyectos mineros.<\/p>\n\n\n\n<p class=\"has-medium-font-size\"><strong>Riesgos ambientales<\/strong><\/p>\n\n\n\n<p class=\"has-medium-font-size\">Las comunidades campesinas alertan la vulneraci\u00f3n de derechos y de los procedimientos establecidos por el Ministerio de Energ\u00eda y Minas, SENACE y el Ministerio de Cultura en el otorgamiento de licencias para operaciones mineras. Asimismo, exigen que se declare zona intangible.<\/p>\n\n\n\n<p class=\"has-medium-font-size\">Dirigentes comunales se alertaron que el estudio de impacto ambiental presentado por el proyecto minero Crespo no contempla el estudio de glaciares y que el gobierno debe cancelar la operaci\u00f3n de la minera en cabecera de cuenca.<\/p>\n\n\n\n<p class=\"has-medium-font-size\">Representantes de comunidades de Llusco y Santo Tom\u00e1s se\u00f1alaron sus preocupaciones por los posibles impactos del proyecto minero en cabecera de cuenca y en las fuentes de agua, as\u00ed como por la participaci\u00f3n de la poblaci\u00f3n. Tambi\u00e9n pidieron informaci\u00f3n t\u00e9cnica sobre la presencia de glaciares, bloques de hielo f\u00f3sil y la situaci\u00f3n de los recursos h\u00eddricos en la zona.<\/p>\n\n\n\n<p class=\"has-medium-font-size\"><strong>Una reuni\u00f3n m\u00e1s sin soluciones concretas<\/strong><\/p>\n\n\n\n<p class=\"has-medium-font-size\">Seg\u00fan el acta de la reuni\u00f3n, se establecieron los siguientes acuerdos:<\/p>\n\n\n\n<p class=\"has-medium-font-size\">\u2022 Solicitar al MINEM para remitir los informes t\u00e9cnicos del a\u00f1o 2014, en los que se concluy\u00f3 la falta de consulta previa.<\/p>\n\n\n\n<p class=\"has-medium-font-size\">\u2022 Evaluaci\u00f3n para la realizaci\u00f3n de la consulta previa en el marco normativo vigente.<\/p>\n\n\n\n<p class=\"has-medium-font-size\">\u2022 Gestionar para una reuni\u00f3n con el Ministerio de Energ\u00eda y Minas.<\/p>\n\n\n\n<p class=\"has-medium-font-size\">\u2022 INAIGEM realizara estudios t\u00e9cnicos a partir del 1 de mayo.<\/p>\n\n\n\n<p class=\"has-medium-font-size\">\u2022 Las comunidades informaron que evaluar\u00e1n en asamblea las acciones a seguir por la defensa del agua.<\/p>\n\n\n\n<div data-wp-interactive=\"core\/file\" class=\"wp-block-file\"><object data-wp-bind--hidden=\"!state.hasPdfPreview\" hidden class=\"wp-block-file__embed\" data=\"https:\/\/derechosinfronteras.pe\/wp-content\/uploads\/2026\/03\/ACTA-DE-REUNION-MULTISECTORIAL-.pdf\" type=\"application\/pdf\" style=\"width:100%;height:600px\" aria-label=\"Embed of ACTA DE REUNI\u00d3N MULTISECTORIAL.\"><\/object><a id=\"wp-block-file--media-7ec362ec-ea1f-4e60-91e7-119141a06ae2\" href=\"https:\/\/derechosinfronteras.pe\/wp-content\/uploads\/2026\/03\/ACTA-DE-REUNION-MULTISECTORIAL-.pdf\">ACTA DE REUNI\u00d3N MULTISECTORIAL<\/a><a href=\"https:\/\/derechosinfronteras.pe\/wp-content\/uploads\/2026\/03\/ACTA-DE-REUNION-MULTISECTORIAL-.pdf\" class=\"wp-block-file__button wp-element-button\" download aria-describedby=\"wp-block-file--media-7ec362ec-ea1f-4e60-91e7-119141a06ae2\">Descarga<\/a><\/div>\n\n\n\n<p class=\"has-medium-font-size\">El caso del proyecto minero Crespo vuelve a poner en discusi\u00f3n la situaci\u00f3n de la cabecera de cuenca donde se encuentran las reservas de agua. Las comunidades de Chumbivilcas no solo reclaman el cumplimiento del marco legal ambiental y de consulta, sino tambi\u00e9n el reconocimiento efectivo de su derecho al agua, a la autodeterminaci\u00f3n y a decidir sobre su territorio.<\/p>\n\n\n\n<p class=\"has-medium-font-size\">Mientras tanto, las comunidades campesinas siguen esperando respuestas concretas, a pesar de varios espacios de di\u00e1logo, la preocupaci\u00f3n por el agua y la cabecera de cuenca contin\u00faan sin resolverse y las decisiones de los representantes del Gobierno siguen sin dar una respuesta clara frente a lo que viene pasando en la cabecera de cuenca.<\/p>\n\n\n\n<p>Por: \u00c1rea de comunicaci\u00f3n &#8211; DHSF.<\/p>","protected":false},"excerpt":{"rendered":"<p>La instalaci\u00f3n de una planta de lixiviaci\u00f3n del proyecto minero Crespo en la cabecera de cuenca, as\u00ed como el impacto que podr\u00eda generar en la cuenca del rio Santo Tomas contin\u00faa generando preocupaci\u00f3n en las comunidades campesinas de Llusco, Qui\u00f1ota, Colquemarca y Ccapacmarca, por las posibles afectaciones en el agua, la ganader\u00eda y la agricultura, [&hellip;]<\/p>\n","protected":false},"author":1,"featured_media":9179,"comment_status":"open","ping_status":"open","sticky":false,"template":"","format":"standard","meta":{"_monsterinsights_skip_tracking":false,"_monsterinsights_sitenote_active":false,"_monsterinsights_sitenote_note":"","_monsterinsights_sitenote_category":0,"_jetpack_memberships_contains_paid_content":false,"footnotes":"","jetpack_publicize_message":"","jetpack_publicize_feature_enabled":true,"jetpack_social_post_already_shared":false,"jetpack_social_options":{"image_generator_settings":{"template":"highway","default_image_id":0,"font":"","enabled":false},"version":2}},"categories":[157,188,186],"tags":[],"class_list":["post-9178","post","type-post","status-publish","format-standard","has-post-thumbnail","hentry","category-area-de-comunicacion","category-articulos","category-noticias"],"blocksy_meta":[],"jetpack_publicize_connections":[],"jetpack_featured_media_url":"https:\/\/derechosinfronteras.pe\/wp-content\/uploads\/2026\/03\/Copia_de_seguridad_de_Copia_de_seguridad_de_PLANTILLA-NOTICIAS-2026.png","jetpack_sharing_enabled":true,"jetpack_likes_enabled":true,"_links":{"self":[{"href":"https:\/\/derechosinfronteras.pe\/ingles\/wp-json\/wp\/v2\/posts\/9178","targetHints":{"allow":["GET"]}}],"collection":[{"href":"https:\/\/derechosinfronteras.pe\/ingles\/wp-json\/wp\/v2\/posts"}],"about":[{"href":"https:\/\/derechosinfronteras.pe\/ingles\/wp-json\/wp\/v2\/types\/post"}],"author":[{"embeddable":true,"href":"https:\/\/derechosinfronteras.pe\/ingles\/wp-json\/wp\/v2\/users\/1"}],"replies":[{"embeddable":true,"href":"https:\/\/derechosinfronteras.pe\/ingles\/wp-json\/wp\/v2\/comments?post=9178"}],"version-history":[{"count":1,"href":"https:\/\/derechosinfronteras.pe\/ingles\/wp-json\/wp\/v2\/posts\/9178\/revisions"}],"predecessor-version":[{"id":9184,"href":"https:\/\/derechosinfronteras.pe\/ingles\/wp-json\/wp\/v2\/posts\/9178\/revisions\/9184"}],"wp:featuredmedia":[{"embeddable":true,"href":"https:\/\/derechosinfronteras.pe\/ingles\/wp-json\/wp\/v2\/media\/9179"}],"wp:attachment":[{"href":"https:\/\/derechosinfronteras.pe\/ingles\/wp-json\/wp\/v2\/media?parent=9178"}],"wp:term":[{"taxonomy":"category","embeddable":true,"href":"https:\/\/derechosinfronteras.pe\/ingles\/wp-json\/wp\/v2\/categories?post=9178"},{"taxonomy":"post_tag","embeddable":true,"href":"https:\/\/derechosinfronteras.pe\/ingles\/wp-json\/wp\/v2\/tags?post=9178"}],"curies":[{"name":"wp","href":"https:\/\/api.w.org\/{rel}","templated":true}]}}