{"id":9187,"date":"2026-04-09T13:19:21","date_gmt":"2026-04-09T18:19:21","guid":{"rendered":"https:\/\/derechosinfronteras.pe\/?p=9187"},"modified":"2026-04-09T14:20:17","modified_gmt":"2026-04-09T19:20:17","slug":"abandono-de-casa-refugio-en-santo-tomas-mujeres-denuncian-por-incumplimiento-del-municipio","status":"publish","type":"post","link":"https:\/\/derechosinfronteras.pe\/ingles\/abandono-de-casa-refugio-en-santo-tomas-mujeres-denuncian-por-incumplimiento-del-municipio\/","title":{"rendered":"Abandono de Casa Refugio en Santo Tom\u00e1s: Mujeres denuncian incumplimiento del municipio"},"content":{"rendered":"<h2 class=\"wp-block-heading has-medium-font-size\"><strong>Desde 2022 sin avance: la promesa de protecci\u00f3n para mujeres y familias sigue paralizada<\/strong><\/h2>\n\n\n\n<p class=\"has-medium-font-size\"><em>Cuatro a\u00f1os despu\u00e9s de ser puesta la primera piedra, la Casa Refugio Temporal del distrito de Santo Tom\u00e1s permanece abandonada. Las defensoras comunitarias de la organizaci\u00f3n Kusi Q&#8217;oyllur denuncian p\u00fablicamente la par\u00e1lisis total de una obra cr\u00edtica destinada a proteger a mujeres, ni\u00f1as y familias de la violencia sistem\u00e1tica que aqueja a la provincia de Chumbivilcas, mientras las autoridades municipales la han convertido en un estacionamiento para veh\u00edculos motorizados.<\/em><\/p>\n\n\n\n<figure class=\"wp-block-image size-full is-resized\"><img fetchpriority=\"high\" decoding=\"async\" width=\"1000\" height=\"752\" src=\"https:\/\/derechosinfronteras.pe\/wp-content\/uploads\/2026\/04\/WhatsApp-Image-2026-04-09-at-12.44.35-PM-1.jpeg\" alt=\"\" class=\"wp-image-9189\" style=\"width:750px;height:auto\" srcset=\"https:\/\/derechosinfronteras.pe\/wp-content\/uploads\/2026\/04\/WhatsApp-Image-2026-04-09-at-12.44.35-PM-1.jpeg 1000w, https:\/\/derechosinfronteras.pe\/wp-content\/uploads\/2026\/04\/WhatsApp-Image-2026-04-09-at-12.44.35-PM-1-300x226.jpeg 300w, https:\/\/derechosinfronteras.pe\/wp-content\/uploads\/2026\/04\/WhatsApp-Image-2026-04-09-at-12.44.35-PM-1-768x578.jpeg 768w\" sizes=\"(max-width: 1000px) 100vw, 1000px\" \/><figcaption class=\"wp-element-caption\"><strong>Actual terreno destinado para la construcci\u00f3n de la casa de Refugio Temporal en Chumbivilcas.<\/strong><\/figcaption><\/figure>\n\n\n\n<p class=\"has-medium-font-size\">Esta obra no es un proyecto ordinario. Representa el compromiso institucional m\u00e1s visible del Municipio de Santo Tom\u00e1s frente a una crisis humanitaria documentada: la alta tasa de violencia contra las mujeres, ni\u00f1as e integrantes del grupo familiar. La Casa Refugio fue dise\u00f1ada como respuesta frontal a un problema que no cesa. Su construcci\u00f3n cont\u00f3 con el impulso y respaldado de instituciones como la PNP, el Centro de Emergencia Mujer (CEM), la DEMUNA, la UGEL, la Fiscal\u00eda y el compromiso sostenido de las organizaciones de mujeres locales.<\/p>\n\n\n\n<p class=\"has-medium-font-size\">Los n\u00fameros son contundentes. Para el a\u00f1o 2025 se registraron 261 casos de violencia en el Centro de Emergencia Mujer de la provincia de Chumbivilcas, y apenas en los primeros meses de 2026, la cifra ya alcanza los 36 casos, (Fuente: Programa Aurora \u2013 MINMP). Estas estad\u00edsticas no son abstractas: cada n\u00famero representa una vida en riesgo, una familia desintegrada, una demanda insatisfecha de protecci\u00f3n inmediata. La Casa Refugio no es un lujo administrativo, es una necesidad sanitaria y de derechos.<\/p>\n\n\n\n<p><\/p>\n\n\n\n<p class=\"has-medium-font-size\"><strong>No hay voluntad pol\u00edtica del municipio de Chumbivilcas<\/strong><\/p>\n\n\n\n<p class=\"has-medium-font-size\">El proyecto cuenta con presupuesto asignado de S\/ 4,870,669.42 y tiene n\u00famero de identificaci\u00f3n institucional (CUI N.\u00ba 2133302), lo que significa que los recursos existen y la obra est\u00e1 debidamente registrada en el sistema de inversi\u00f3n p\u00fablica. Sin embargo, el estado actual del terreno evidencia retrasos inexplicables, dilaciones administrativas y decisiones que permanecen en el papel sin ejecutarse. No se trata de falta de fondos, sino de falta de voluntad pol\u00edtica.<\/p>\n\n\n\n<figure class=\"wp-block-image size-full\"><img decoding=\"async\" width=\"1000\" height=\"750\" src=\"https:\/\/derechosinfronteras.pe\/wp-content\/uploads\/2026\/04\/WhatsApp-Image-2026-04-09-at-12.50.36-PM.jpeg\" alt=\"\" class=\"wp-image-9190\" srcset=\"https:\/\/derechosinfronteras.pe\/wp-content\/uploads\/2026\/04\/WhatsApp-Image-2026-04-09-at-12.50.36-PM.jpeg 1000w, https:\/\/derechosinfronteras.pe\/wp-content\/uploads\/2026\/04\/WhatsApp-Image-2026-04-09-at-12.50.36-PM-300x225.jpeg 300w, https:\/\/derechosinfronteras.pe\/wp-content\/uploads\/2026\/04\/WhatsApp-Image-2026-04-09-at-12.50.36-PM-768x576.jpeg 768w\" sizes=\"(max-width: 1000px) 100vw, 1000px\" \/><figcaption class=\"wp-element-caption\"><strong>Colocaci\u00f3n de la primera piedra a\u00f1o 2022<\/strong>.<\/figcaption><\/figure>\n\n\n\n<p class=\"has-medium-font-size\">La responsabilidad recae directamente sobre la gesti\u00f3n del alcalde, Jos\u00e9 Alberto Flores Cruz. Desde septiembre de 2021, cuando se inici\u00f3 la elaboraci\u00f3n del expediente t\u00e9cnico, hasta marzo de 2026, la obra carece de expediente t\u00e9cnico aprobado. Cinco a\u00f1os de burocracia estatal mientras la violencia contin\u00faa. Esta demora deliberada o negligente es incompatible con una gesti\u00f3n que presume servir al pueblo chumbivilcano.<\/p>\n\n\n\n<p class=\"has-medium-font-size\">Las defensoras de Kusi Q&#8217;oyllur exigen al burgomaestre acciones inmediatas y verificables: informaci\u00f3n clara sobre el estado del expediente t\u00e9cnico aprobado, cronograma ejecutable con fechas espec\u00edficas de avance, y ejecuci\u00f3n efectiva del proyecto. La Casa Refugio debe dejar de ser una promesa incumplida y convertirse en realidad institucional.<\/p>\n\n\n\n<p><strong>Por:<\/strong> \u00c1rea de G\u00e9nero Juventud e Interculturalidad &#8211; DHSF<\/p>","protected":false},"excerpt":{"rendered":"<p>Desde 2022 sin avance: la promesa de protecci\u00f3n para mujeres y familias sigue paralizada Cuatro a\u00f1os despu\u00e9s de ser puesta la primera piedra, la Casa Refugio Temporal del distrito de Santo Tom\u00e1s permanece abandonada. Las defensoras comunitarias de la organizaci\u00f3n Kusi Q&#8217;oyllur denuncian p\u00fablicamente la par\u00e1lisis total de una obra cr\u00edtica destinada a proteger a [&hellip;]<\/p>\n","protected":false},"author":1,"featured_media":9189,"comment_status":"open","ping_status":"open","sticky":false,"template":"","format":"standard","meta":{"_monsterinsights_skip_tracking":false,"_monsterinsights_sitenote_active":false,"_monsterinsights_sitenote_note":"","_monsterinsights_sitenote_category":0,"_jetpack_memberships_contains_paid_content":false,"footnotes":"","jetpack_publicize_message":"","jetpack_publicize_feature_enabled":true,"jetpack_social_post_already_shared":false,"jetpack_social_options":{"image_generator_settings":{"template":"highway","default_image_id":0,"font":"","enabled":false},"version":2}},"categories":[159,188],"tags":[],"class_list":["post-9187","post","type-post","status-publish","format-standard","has-post-thumbnail","hentry","category-area-de-genero","category-articulos"],"blocksy_meta":[],"jetpack_publicize_connections":[],"jetpack_featured_media_url":"https:\/\/derechosinfronteras.pe\/wp-content\/uploads\/2026\/04\/WhatsApp-Image-2026-04-09-at-12.44.35-PM-1.jpeg","jetpack_sharing_enabled":true,"jetpack_likes_enabled":true,"_links":{"self":[{"href":"https:\/\/derechosinfronteras.pe\/ingles\/wp-json\/wp\/v2\/posts\/9187","targetHints":{"allow":["GET"]}}],"collection":[{"href":"https:\/\/derechosinfronteras.pe\/ingles\/wp-json\/wp\/v2\/posts"}],"about":[{"href":"https:\/\/derechosinfronteras.pe\/ingles\/wp-json\/wp\/v2\/types\/post"}],"author":[{"embeddable":true,"href":"https:\/\/derechosinfronteras.pe\/ingles\/wp-json\/wp\/v2\/users\/1"}],"replies":[{"embeddable":true,"href":"https:\/\/derechosinfronteras.pe\/ingles\/wp-json\/wp\/v2\/comments?post=9187"}],"version-history":[{"count":3,"href":"https:\/\/derechosinfronteras.pe\/ingles\/wp-json\/wp\/v2\/posts\/9187\/revisions"}],"predecessor-version":[{"id":9194,"href":"https:\/\/derechosinfronteras.pe\/ingles\/wp-json\/wp\/v2\/posts\/9187\/revisions\/9194"}],"wp:featuredmedia":[{"embeddable":true,"href":"https:\/\/derechosinfronteras.pe\/ingles\/wp-json\/wp\/v2\/media\/9189"}],"wp:attachment":[{"href":"https:\/\/derechosinfronteras.pe\/ingles\/wp-json\/wp\/v2\/media?parent=9187"}],"wp:term":[{"taxonomy":"category","embeddable":true,"href":"https:\/\/derechosinfronteras.pe\/ingles\/wp-json\/wp\/v2\/categories?post=9187"},{"taxonomy":"post_tag","embeddable":true,"href":"https:\/\/derechosinfronteras.pe\/ingles\/wp-json\/wp\/v2\/tags?post=9187"}],"curies":[{"name":"wp","href":"https:\/\/api.w.org\/{rel}","templated":true}]}}