{"id":9720,"date":"2026-04-29T10:17:50","date_gmt":"2026-04-29T15:17:50","guid":{"rendered":"https:\/\/derechosinfronteras.pe\/?p=9720"},"modified":"2026-04-29T10:17:52","modified_gmt":"2026-04-29T15:17:52","slug":"se-reactiva-la-instancia-provincial-de-concertacion-en-chumbivilcas-para-mejorar-la-articulacion-y-respuesta-frente-a-la-violencia-contra-las-mujeres","status":"publish","type":"post","link":"https:\/\/derechosinfronteras.pe\/ingles\/se-reactiva-la-instancia-provincial-de-concertacion-en-chumbivilcas-para-mejorar-la-articulacion-y-respuesta-frente-a-la-violencia-contra-las-mujeres\/","title":{"rendered":"Se reactiva la Instancia Provincial de Concertaci\u00f3n en Chumbivilcas para mejorar la articulaci\u00f3n y respuesta frente a la violencia contra las mujeres"},"content":{"rendered":"<p><em>En un espacio de di\u00e1logo promovido por organizaciones de mujeres de la provincia de Chumbivilcas, el pasado 15 de abril se alcanz\u00f3 un acuerdo clave para la reactivaci\u00f3n de la Instancia Provincial de Concertaci\u00f3n (IPC), tras m\u00e1s de un a\u00f1o de inactividad, situaci\u00f3n que hab\u00eda debilitado la articulaci\u00f3n institucional frente a la violencia contra las mujeres y los integrantes del grupo familiar.<\/em><\/p>\n\n\n\n<figure class=\"wp-block-image size-full\"><img fetchpriority=\"high\" decoding=\"async\" width=\"886\" height=\"399\" src=\"https:\/\/derechosinfronteras.pe\/wp-content\/uploads\/2026\/04\/image-3.jpg\" alt=\"\" class=\"wp-image-9724\" srcset=\"https:\/\/derechosinfronteras.pe\/wp-content\/uploads\/2026\/04\/image-3.jpg 886w, https:\/\/derechosinfronteras.pe\/wp-content\/uploads\/2026\/04\/image-3-300x135.jpg 300w, https:\/\/derechosinfronteras.pe\/wp-content\/uploads\/2026\/04\/image-3-768x346.jpg 768w\" sizes=\"(max-width: 886px) 100vw, 886px\" \/><\/figure>\n\n\n\n<p class=\"has-medium-font-size\">Este proceso fue impulsado por las Defensoras Comunitarias \u201cQusi Qoyllur\u201d, lideradas por In\u00e9s Jaquis Abrigo, y la organizaci\u00f3n de mujeres Toribia \u201cFlores de Cutipa\u201d, encabezada por Doris Ang\u00e9lica Choquque Challa, quienes promovieron de manera sostenida la necesidad de restablecer este espacio de coordinaci\u00f3n interinstitucional.<\/p>\n\n\n\n<p class=\"has-medium-font-size\">A la fecha, el 25 de abril del presente a\u00f1os, se concret\u00f3 la instalaci\u00f3n oficial de la Instancia Provincial de Concertaci\u00f3n, con la participaci\u00f3n del alcalde provincial, el subgerente de Desarrollo Social y representantes de diversas instituciones p\u00fablicas, quienes reafirmaron su compromiso de fortalecer las acciones de prevenci\u00f3n, atenci\u00f3n y protecci\u00f3n frente a la violencia.<\/p>\n\n\n\n<figure class=\"wp-block-image size-full\"><img decoding=\"async\" width=\"886\" height=\"399\" src=\"https:\/\/derechosinfronteras.pe\/wp-content\/uploads\/2026\/04\/image-2.jpg\" alt=\"\" class=\"wp-image-9723\" srcset=\"https:\/\/derechosinfronteras.pe\/wp-content\/uploads\/2026\/04\/image-2.jpg 886w, https:\/\/derechosinfronteras.pe\/wp-content\/uploads\/2026\/04\/image-2-300x135.jpg 300w, https:\/\/derechosinfronteras.pe\/wp-content\/uploads\/2026\/04\/image-2-768x346.jpg 768w\" sizes=\"(max-width: 886px) 100vw, 886px\" \/><\/figure>\n\n\n\n<p class=\"has-medium-font-size\">En este marco, se ha establecido una agenda prioritaria que incluye la gesti\u00f3n e implementaci\u00f3n del proyecto de la Casa Refugio Temporal, como una medida urgente para garantizar la protecci\u00f3n de mujeres en situaci\u00f3n de violencia en la provincia. La materializaci\u00f3n de este proyecto constituye un desaf\u00edo pendiente que requiere voluntad pol\u00edtica, asignaci\u00f3n presupuestal y seguimiento permanente.<\/p>\n\n\n\n<p class=\"has-medium-font-size\">La reinstalaci\u00f3n de la IPC representa un avance importante en la recuperaci\u00f3n de espacios de articulaci\u00f3n institucional; sin embargo, su efectividad depender\u00e1 de su funcionamiento sostenido y de la capacidad de las instituciones para traducir los compromisos asumidos en acciones concretas que respondan a las demandas de la poblaci\u00f3n.<\/p>\n\n\n\n<p><strong>Por:<\/strong> \u00c1rea de G\u00e9nero Juventud e Interculturalidad &#8211; DHSF<\/p>","protected":false},"excerpt":{"rendered":"<p>En un espacio de di\u00e1logo promovido por organizaciones de mujeres de la provincia de Chumbivilcas, el pasado 15 de abril se alcanz\u00f3 un acuerdo clave para la reactivaci\u00f3n de la Instancia Provincial de Concertaci\u00f3n (IPC), tras m\u00e1s de un a\u00f1o de inactividad, situaci\u00f3n que hab\u00eda debilitado la articulaci\u00f3n institucional frente a la violencia contra las [&hellip;]<\/p>\n","protected":false},"author":1,"featured_media":9724,"comment_status":"open","ping_status":"open","sticky":false,"template":"","format":"standard","meta":{"_monsterinsights_skip_tracking":false,"_monsterinsights_sitenote_active":false,"_monsterinsights_sitenote_note":"","_monsterinsights_sitenote_category":0,"_jetpack_memberships_contains_paid_content":false,"footnotes":"","jetpack_publicize_message":"","jetpack_publicize_feature_enabled":true,"jetpack_social_post_already_shared":true,"jetpack_social_options":{"image_generator_settings":{"template":"highway","default_image_id":0,"font":"","enabled":false},"version":2}},"categories":[1],"tags":[],"class_list":["post-9720","post","type-post","status-publish","format-standard","has-post-thumbnail","hentry","category-sin-categoria"],"blocksy_meta":[],"jetpack_publicize_connections":[],"jetpack_featured_media_url":"https:\/\/derechosinfronteras.pe\/wp-content\/uploads\/2026\/04\/image-3.jpg","jetpack_sharing_enabled":true,"jetpack_likes_enabled":true,"_links":{"self":[{"href":"https:\/\/derechosinfronteras.pe\/ingles\/wp-json\/wp\/v2\/posts\/9720","targetHints":{"allow":["GET"]}}],"collection":[{"href":"https:\/\/derechosinfronteras.pe\/ingles\/wp-json\/wp\/v2\/posts"}],"about":[{"href":"https:\/\/derechosinfronteras.pe\/ingles\/wp-json\/wp\/v2\/types\/post"}],"author":[{"embeddable":true,"href":"https:\/\/derechosinfronteras.pe\/ingles\/wp-json\/wp\/v2\/users\/1"}],"replies":[{"embeddable":true,"href":"https:\/\/derechosinfronteras.pe\/ingles\/wp-json\/wp\/v2\/comments?post=9720"}],"version-history":[{"count":2,"href":"https:\/\/derechosinfronteras.pe\/ingles\/wp-json\/wp\/v2\/posts\/9720\/revisions"}],"predecessor-version":[{"id":9726,"href":"https:\/\/derechosinfronteras.pe\/ingles\/wp-json\/wp\/v2\/posts\/9720\/revisions\/9726"}],"wp:featuredmedia":[{"embeddable":true,"href":"https:\/\/derechosinfronteras.pe\/ingles\/wp-json\/wp\/v2\/media\/9724"}],"wp:attachment":[{"href":"https:\/\/derechosinfronteras.pe\/ingles\/wp-json\/wp\/v2\/media?parent=9720"}],"wp:term":[{"taxonomy":"category","embeddable":true,"href":"https:\/\/derechosinfronteras.pe\/ingles\/wp-json\/wp\/v2\/categories?post=9720"},{"taxonomy":"post_tag","embeddable":true,"href":"https:\/\/derechosinfronteras.pe\/ingles\/wp-json\/wp\/v2\/tags?post=9720"}],"curies":[{"name":"wp","href":"https:\/\/api.w.org\/{rel}","templated":true}]}}